{"id":515250,"date":"2025-11-06T06:15:21","date_gmt":"2025-11-06T06:15:21","guid":{"rendered":"https:\/\/www.europesays.com\/fr\/515250\/"},"modified":"2025-11-06T06:15:21","modified_gmt":"2025-11-06T06:15:21","slug":"au-lieu-unique-de-nantes-la-cartographie-revele-le-monde-et-les-imaginaires","status":"publish","type":"post","link":"https:\/\/www.europesays.com\/fr\/515250\/","title":{"rendered":"Au Lieu unique de Nantes, la cartographie r\u00e9v\u00e8le le monde et les imaginaires"},"content":{"rendered":"<p class=\"editor-content__paragraph\">Une carte raconte la v\u00e9rit\u00e9. Elle nous indique<strong> le chemin \u00e0 suivre<\/strong>, la densit\u00e9 d\u2019une ville, <strong>l\u2019\u00e9tendue d\u2019un territoire<\/strong>. Autrement dit, elle <strong>raconte le monde<\/strong> \u2013 et c\u2019est dans ce verbe, \u00ab\u00a0raconter\u00a0\u00bb, que se situe toute son <strong>ambivalence<\/strong>, elle que l\u2019on croit toujours sur parole, mais qui est faite de choix, esth\u00e9tiques, g\u00e9ographiques\u2026 et qui est par essence <strong>\u00ab\u00a0fictionnelle\u00a0\u00bb<\/strong>. C\u2019est justement ce qui a int\u00e9ress\u00e9 les trois commissaires de<strong> l\u2019exposition \u00ab\u00a0Dans les plis des cartes\u00a0\u00bb<\/strong>, Eli Commins, Patrick Gyger et Alexandra M\u00fcller\u00a0: \u00ab\u00a0assumer le c\u00f4t\u00e9 fictionnel de toute carte\u00a0\u00bb, indiquent-ils en pr\u00e9ambule, pour sonder ce que ces cartes disent de notre pr\u00e9sent, et de notre avenir.<\/p>\n<p class=\"editor-content__paragraph editor-content__paragraph--is-hidden\">Et ce, qu\u2019elles soient faites par des artistes ou par des scientifiques. Il y a donc, dans cette exposition, <strong> deux grands groupes d\u2019\u0153uvres<\/strong>, nous dit-on encore\u00a0: les cartes qui <strong>partent d\u2019un territoire r\u00e9el<\/strong>, et celles qui sont <strong>totalement imaginaires<\/strong>. Comme souvent au <strong>Lieu unique<\/strong>, confesse dans un sourire son directeur Eli Commins, les fronti\u00e8res entre les disciplines, les genres et les conceptions sont ici abattues, favorisant une <strong>r\u00e9flexion transversale<\/strong>, nourrie d\u2019univers et d\u2019approches radicalement diff\u00e9rentes.<\/p>\n<p>            <strong>Continuez votre lecture<\/strong><\/p>\n<p>\n                et acc\u00e9dez \u00e0 Beaux Arts Magazine<br \/>et \u00e0 tous les contenus web<br \/><strong>en illimit\u00e9 \u00e0 partir de 5,75\u20ac \/ mois<\/strong>\n            <\/p>\n<p class=\"cta-abonnement__log-in\">\n        D\u00e9j\u00e0 abonn\u00e9 ?        <a data-id=\"aHR0cHM6Ly93d3cuYmVhdXhhcnRzLmNvbS9tb24tY29tcHRlLw==\">Connectez-vous<\/a>\n    <\/p>\n<p>            <img data-vllblanksrc=\"https:\/\/www.beauxarts.com\/expos\/au-lieu-unique-artistes-et-scientifiques-pensent-le-futur-avec-des-cartes-geographiques\/1\" data-vllsrc=\"https:\/\/www.europesays.com\/fr\/wp-content\/uploads\/2025\/11\/couv-bam-497-1-232x300.png\" alt=\"\"\/><img data-vllblanksrc=\"https:\/\/www.beauxarts.com\/expos\/au-lieu-unique-artistes-et-scientifiques-pensent-le-futur-avec-des-cartes-geographiques\/1\" data-vllsrc=\"https:\/\/www.europesays.com\/fr\/wp-content\/uploads\/2025\/09\/couv-bam-496-232x300.png\" alt=\"\"\/>        <\/p>\n","protected":false},"excerpt":{"rendered":"Une carte raconte la v\u00e9rit\u00e9. Elle nous indique le chemin \u00e0 suivre, la densit\u00e9 d\u2019une ville, l\u2019\u00e9tendue d\u2019un&hellip;\n","protected":false},"author":2,"featured_media":515251,"comment_status":"","ping_status":"","sticky":false,"template":"","format":"standard","meta":{"footnotes":""},"categories":[2818],"tags":[1111,11,1396,1777,674,24193,1011,27,63590,766,12,2636,25],"class_list":{"0":"post-515250","1":"post","2":"type-post","3":"status-publish","4":"format-standard","5":"has-post-thumbnail","7":"category-nantes","8":"tag-actu","9":"tag-actualites","10":"tag-art-contemporain","11":"tag-eu","12":"tag-europe","13":"tag-expos-gratuites","14":"tag-fr","15":"tag-france","16":"tag-le-lieu-unique","17":"tag-nantes","18":"tag-news","19":"tag-pays-de-la-loire","20":"tag-republique-francaise"},"share_on_mastodon":{"url":"https:\/\/pubeurope.com\/@fr\/115501290296366954","error":""},"_links":{"self":[{"href":"https:\/\/www.europesays.com\/fr\/wp-json\/wp\/v2\/posts\/515250","targetHints":{"allow":["GET"]}}],"collection":[{"href":"https:\/\/www.europesays.com\/fr\/wp-json\/wp\/v2\/posts"}],"about":[{"href":"https:\/\/www.europesays.com\/fr\/wp-json\/wp\/v2\/types\/post"}],"author":[{"embeddable":true,"href":"https:\/\/www.europesays.com\/fr\/wp-json\/wp\/v2\/users\/2"}],"replies":[{"embeddable":true,"href":"https:\/\/www.europesays.com\/fr\/wp-json\/wp\/v2\/comments?post=515250"}],"version-history":[{"count":0,"href":"https:\/\/www.europesays.com\/fr\/wp-json\/wp\/v2\/posts\/515250\/revisions"}],"wp:featuredmedia":[{"embeddable":true,"href":"https:\/\/www.europesays.com\/fr\/wp-json\/wp\/v2\/media\/515251"}],"wp:attachment":[{"href":"https:\/\/www.europesays.com\/fr\/wp-json\/wp\/v2\/media?parent=515250"}],"wp:term":[{"taxonomy":"category","embeddable":true,"href":"https:\/\/www.europesays.com\/fr\/wp-json\/wp\/v2\/categories?post=515250"},{"taxonomy":"post_tag","embeddable":true,"href":"https:\/\/www.europesays.com\/fr\/wp-json\/wp\/v2\/tags?post=515250"}],"curies":[{"name":"wp","href":"https:\/\/api.w.org\/{rel}","templated":true}]}}