{"id":51528,"date":"2025-04-25T10:31:13","date_gmt":"2025-04-25T10:31:13","guid":{"rendered":"https:\/\/www.europesays.com\/fr\/51528\/"},"modified":"2025-04-25T10:31:13","modified_gmt":"2025-04-25T10:31:13","slug":"trois-ponts-une-fresque-collective-dans-la-tour-e","status":"publish","type":"post","link":"https:\/\/www.europesays.com\/fr\/51528\/","title":{"rendered":"[Trois-Ponts] Une fresque collective dans la tour E"},"content":{"rendered":"<p class=\"introduction\">Mardi 23 avril, le pied de la tour E dans le quartier des Trois Ponts a pris des airs d\u2019atelier \u00e0 ciel ouvert. Une vingtaine d\u2019enfants du centre social des Quatre Quartiers a particip\u00e9 \u00e0 une session de cr\u00e9ation artistique encadr\u00e9e par le graffeur\u00a0Freecadences, dans le cadre d\u2019un projet port\u00e9 par la Ville de Roubaix, LMH.<\/p>\n<p>Munis de pochoirs, de bombes de peinture et d\u2019une bonne dose d\u2019imagination, les enfants ont poursuivi la r\u00e9alisation d\u2019une\u00a0<strong>fresque murale collective<\/strong>\u00a0repr\u00e9sentant l\u2019\u00e9volution de leur quartier. En parall\u00e8le, chacun a pu cr\u00e9er son propre pochoir, \u00e0 emporter chez soi \u2014 un souvenir concret de cette exp\u00e9rience artistique et citoyenne.<\/p>\n<p>\u00ab L\u2019id\u00e9e, c\u2019est de leur donner les moyens d\u2019exprimer leur vision du quartier, de s\u2019y projeter, de s\u2019y attacher \u00bb, explique Freecadences, pinceau \u00e0 la main. Un pari r\u00e9ussi, \u00e0 en juger par l\u2019enthousiasme des jeunes participants, concentr\u00e9s, fiers et souriants.<\/p>\n<p>Initi\u00e9e le 2 avril, l\u2019op\u00e9ration se poursuivra les\u00a0<strong>30 avril<\/strong>\u00a0et\u00a0<strong>7 mai<\/strong>, avec de nouvelles sessions pr\u00e9vues au m\u00eame endroit. Elle aboutira \u00e0 une\u00a0<strong>restitution publique<\/strong>\u00a0le\u00a0<strong>4 juin<\/strong>, lors d\u2019un\u00a0<strong>vernissage ouvert au public<\/strong>, entre\u00a0<strong>14h et 16h30<\/strong>.<\/p>\n<p>Une mani\u00e8re originale et engag\u00e9e de redonner vie aux murs, \u00e0 hauteur d\u2019enfants.<\/p>\n<p>Cr\u00e9dit Photos : Lucas Demoor, service Communication, ville de Roubaix<\/p>\n","protected":false},"excerpt":{"rendered":"Mardi 23 avril, le pied de la tour E dans le quartier des Trois Ponts a pris des&hellip;\n","protected":false},"author":2,"featured_media":51529,"comment_status":"","ping_status":"","sticky":false,"template":"","format":"standard","meta":{"footnotes":""},"categories":[2815],"tags":[1111,11,1777,674,1011,27,811,1307,12,14466,5765,25],"class_list":{"0":"post-51528","1":"post","2":"type-post","3":"status-publish","4":"format-standard","5":"has-post-thumbnail","7":"category-lille","8":"tag-actu","9":"tag-actualites","10":"tag-eu","11":"tag-europe","12":"tag-fr","13":"tag-france","14":"tag-hauts-de-france","15":"tag-lille","16":"tag-news","17":"tag-npnru","18":"tag-renovation-urbaine","19":"tag-republique-francaise"},"share_on_mastodon":{"url":"https:\/\/pubeurope.com\/@fr\/114398146475113858","error":""},"_links":{"self":[{"href":"https:\/\/www.europesays.com\/fr\/wp-json\/wp\/v2\/posts\/51528","targetHints":{"allow":["GET"]}}],"collection":[{"href":"https:\/\/www.europesays.com\/fr\/wp-json\/wp\/v2\/posts"}],"about":[{"href":"https:\/\/www.europesays.com\/fr\/wp-json\/wp\/v2\/types\/post"}],"author":[{"embeddable":true,"href":"https:\/\/www.europesays.com\/fr\/wp-json\/wp\/v2\/users\/2"}],"replies":[{"embeddable":true,"href":"https:\/\/www.europesays.com\/fr\/wp-json\/wp\/v2\/comments?post=51528"}],"version-history":[{"count":0,"href":"https:\/\/www.europesays.com\/fr\/wp-json\/wp\/v2\/posts\/51528\/revisions"}],"wp:featuredmedia":[{"embeddable":true,"href":"https:\/\/www.europesays.com\/fr\/wp-json\/wp\/v2\/media\/51529"}],"wp:attachment":[{"href":"https:\/\/www.europesays.com\/fr\/wp-json\/wp\/v2\/media?parent=51528"}],"wp:term":[{"taxonomy":"category","embeddable":true,"href":"https:\/\/www.europesays.com\/fr\/wp-json\/wp\/v2\/categories?post=51528"},{"taxonomy":"post_tag","embeddable":true,"href":"https:\/\/www.europesays.com\/fr\/wp-json\/wp\/v2\/tags?post=51528"}],"curies":[{"name":"wp","href":"https:\/\/api.w.org\/{rel}","templated":true}]}}