{"id":515283,"date":"2025-11-06T06:33:13","date_gmt":"2025-11-06T06:33:13","guid":{"rendered":"https:\/\/www.europesays.com\/fr\/515283\/"},"modified":"2025-11-06T06:33:13","modified_gmt":"2025-11-06T06:33:13","slug":"reunion-durgence-en-belgique-apres-de-nouveaux-survols-de-drones","status":"publish","type":"post","link":"https:\/\/www.europesays.com\/fr\/515283\/","title":{"rendered":"R\u00e9union d\u2019urgence en Belgique apr\u00e8s de nouveaux survols de drones\u2026"},"content":{"rendered":"<p>R\u00e9union d\u2019urgence en Belgique apr\u00e8s de nouveaux survols de drones<\/p>\n<p>Le Premier ministre belge Bart De Wever va r\u00e9unir ce jeudi matin en urgence un conseil national de s\u00e9curit\u00e9, apr\u00e8s de nouveaux signalements de drones aux abords de grands a\u00e9roports qui ont entra\u00een\u00e9 la fermeture de l\u2019espace a\u00e9rien belge dans la nuit de mardi \u00e0 mercredi.<\/p>\n<p>La multiplication de ces survols suspects, dont l\u2019origine demeure inconnue, inqui\u00e8te les autorit\u00e9s. Entour\u00e9 des principaux responsables de la police et de l\u2019arm\u00e9e, le chef du gouvernement examinera la r\u00e9ponse \u00e0 y apporter lors d\u2019une r\u00e9union \u00ab\u00a0pr\u00e9vue jeudi \u00e0 10 heures\u00a0\u00bb, a annonc\u00e9 son cabinet mercredi.<\/p>\n<p>Angelina Jolie en visite \u00e0 Kherson<\/p>\n<p>Angelina Jolie, ancienne \u00e9missaire de l\u2019ONU pour les r\u00e9fugi\u00e9s, a effectu\u00e9 mercredi une visite surprise \u00e0 Kherson, dans le sud de l\u2019Ukraine. L\u2019actrice am\u00e9ricaine a visit\u00e9 des \u00e9tablissements m\u00e9dicaux, dont une maternit\u00e9 et un h\u00f4pital pour enfants dans cette ville occup\u00e9e par la Russie pendant plusieurs mois en\u00a02022, selon des m\u00e9dias locaux et nationaux ukrainiens. Elle avait d\u00e9j\u00e0 visit\u00e9 l\u2019Ukraine quelques mois apr\u00e8s le d\u00e9but de l\u2019invasion russe et rencontr\u00e9 des d\u00e9plac\u00e9s \u00e0 Lviv, dans l\u2019ouest du pays.<\/p>\n<p>L\u2019Ukraine d\u00e9ment tout encerclement \u00e0 Pokrovsk<\/p>\n<p>L\u2019arm\u00e9e ukrainienne a d\u00e9menti mercredi les affirmations de Moscou selon lesquelles ses soldats sont encercl\u00e9s par les troupes russes \u00e0 Pokrovsk, l\u2019\u00e9picentre des combats sur la ligne de front oriental.<\/p>\n<p>Une bataille acharn\u00e9e se d\u00e9roule pour le contr\u00f4le de ce n\u0153ud logistique de la r\u00e9gion industrielle de Donetsk, que les forces russes cherchent \u00e0 conqu\u00e9rir en priorit\u00e9. De nombreux m\u00e9dias, volontaires et militaires ont fait \u00e9tat d\u2019une situation tr\u00e8s difficile sur place, apr\u00e8s l\u2019infiltration de centaines de soldats russes dans cette ville.<\/p>\n<p>Bienvenue dans ce nouveau Live<\/p>\n<p>Bonjour \u00e0 toutes et \u00e0 tous. Comme chaque jour, la r\u00e9daction de 20 Minutes se mobilise pour vous donner l\u2019ensemble des informations sur le conflit lanc\u00e9 par Moscou contre Kiev.<\/p>\n<p>Sur le terrain, les combats se poursuivent. Au 31\u00a0octobre, la Russie contr\u00f4lait totalement ou partiellement 19,2\u00a0% du territoire ukrainien, dont 81\u00a0% de la r\u00e9gion de Donetsk et la quasi-totalit\u00e9 de celle voisine de Lougansk, d\u2019apr\u00e8s les donn\u00e9es de l\u2019Institut am\u00e9ricain pour l\u2019\u00e9tude de la guerre (ISW), qui travaille avec le Critical Threats Project (CTP).<\/p>\n","protected":false},"excerpt":{"rendered":"R\u00e9union d\u2019urgence en Belgique apr\u00e8s de nouveaux survols de drones Le Premier ministre belge Bart De Wever va&hellip;\n","protected":false},"author":2,"featured_media":515284,"comment_status":"","ping_status":"","sticky":false,"template":"","format":"standard","meta":{"footnotes":""},"categories":[1590],"tags":[47,11,75,73,1777,674,131,74,12,136,132,220,555,133,134],"class_list":{"0":"post-515283","1":"post","2":"type-post","3":"status-publish","4":"format-standard","5":"has-post-thumbnail","7":"category-ukraine","8":"tag-actualite","9":"tag-actualites","10":"tag-donald-trump","11":"tag-etats-unis","12":"tag-eu","13":"tag-europe","14":"tag-guerre-en-ukraine","15":"tag-monde","16":"tag-news","17":"tag-otan","18":"tag-russie","19":"tag-ukraine","20":"tag-union-europeenne-ue","21":"tag-video","22":"tag-volodymyr-zelensky"},"share_on_mastodon":{"url":"https:\/\/pubeurope.com\/@fr\/115501360999847158","error":""},"_links":{"self":[{"href":"https:\/\/www.europesays.com\/fr\/wp-json\/wp\/v2\/posts\/515283","targetHints":{"allow":["GET"]}}],"collection":[{"href":"https:\/\/www.europesays.com\/fr\/wp-json\/wp\/v2\/posts"}],"about":[{"href":"https:\/\/www.europesays.com\/fr\/wp-json\/wp\/v2\/types\/post"}],"author":[{"embeddable":true,"href":"https:\/\/www.europesays.com\/fr\/wp-json\/wp\/v2\/users\/2"}],"replies":[{"embeddable":true,"href":"https:\/\/www.europesays.com\/fr\/wp-json\/wp\/v2\/comments?post=515283"}],"version-history":[{"count":0,"href":"https:\/\/www.europesays.com\/fr\/wp-json\/wp\/v2\/posts\/515283\/revisions"}],"wp:featuredmedia":[{"embeddable":true,"href":"https:\/\/www.europesays.com\/fr\/wp-json\/wp\/v2\/media\/515284"}],"wp:attachment":[{"href":"https:\/\/www.europesays.com\/fr\/wp-json\/wp\/v2\/media?parent=515283"}],"wp:term":[{"taxonomy":"category","embeddable":true,"href":"https:\/\/www.europesays.com\/fr\/wp-json\/wp\/v2\/categories?post=515283"},{"taxonomy":"post_tag","embeddable":true,"href":"https:\/\/www.europesays.com\/fr\/wp-json\/wp\/v2\/tags?post=515283"}],"curies":[{"name":"wp","href":"https:\/\/api.w.org\/{rel}","templated":true}]}}