{"id":515304,"date":"2025-11-06T06:49:20","date_gmt":"2025-11-06T06:49:20","guid":{"rendered":"https:\/\/www.europesays.com\/fr\/515304\/"},"modified":"2025-11-06T06:49:20","modified_gmt":"2025-11-06T06:49:20","slug":"cyclisme-transfert-les-equipes-feminines-de-lidl-trek-et-visma-lease-a-bike-se-renforcent","status":"publish","type":"post","link":"https:\/\/www.europesays.com\/fr\/515304\/","title":{"rendered":"Cyclisme. Transfert &#8211; Les \u00e9quipes f\u00e9minines de Lidl-Trek et Visma Lease a Bike se renforcent"},"content":{"rendered":"<p>Les formations <strong><a href=\"https:\/\/www.cyclismactu.net\/..\/news-tour-de-france-femmes-route-la-lidl-trek-avec-fisher-black-et-balsamo-pour-etapes-89167.html\" target=\"_blank\" rel=\"noopener\">Lidl\u2013Trek<\/a><\/strong> et <strong>Visma-Lease a Bike<\/strong> continuent de renforcer leurs effectifs en vue de 2026. L\u2019Irlandaise <a href=\"https:\/\/www.cyclismactu.net\/..\/\" target=\"_blank\" rel=\"noopener\"><strong>Marine Lenehan<\/strong> <\/a>passe du statut de stagiaire \u00e0 celui de coureuse \u00e0 plein temps chez <strong>Lidl\u2013Trek<\/strong>, tandis que la jeune Autrichienne <strong>Katharina Sadnik<\/strong>, <strong>Championne du monde U23 <\/strong>de short track en VTT, fait le grand saut vers la route en rejoignant <strong>Visma-Lease a Bike<\/strong>. Deux parcours diff\u00e9rents, mais une m\u00eame ambition : s\u2019imposer durablement dans le peloton <strong><a href=\"https:\/\/www.cyclismactu.net\/..\/news-route-un-francais-bien-connu-dans-staff-de-l-equipe-feminine-uae-des-2026-90556.html\" target=\"_blank\" rel=\"noopener\">World Tour<\/a><\/strong> f\u00e9minin.<\/p>\n<p>Vid\u00e9o &#8211; Ferrand-Pr\u00e9vot, nouvelle co\u00e9quipi\u00e8re de Sadnik Lire la suite de l&rsquo;article&#13;<\/p>\n<p>\u00a0<\/p>\n<p>&#13;<br \/>\nUne p\u00e9riode d&rsquo;essai concluante et un premier contrat pro glan\u00e9 sur le tard&#13;<\/p>\n<p>Chez <strong>Lidl\u2013Trek<\/strong>, <strong>Marine Lenehan<\/strong>, 27 ans, prolonge l\u2019aventure jusqu\u2019en 2027 apr\u00e8s avoir convaincu lors de sa p\u00e9riode d\u2019essai. Ancienne athl\u00e8te reconvertie tardivement au cyclisme, l\u2019Irlandaise savoure cette opportunit\u00e9 inattendue. \u00ab\u00a0Mon temps comme stagiaire a \u00e9t\u00e9 une exp\u00e9rience incroyable. J\u2019ai appris \u00e9norm\u00e9ment en tr\u00e8s peu de temps et je suis ravie de pouvoir d\u00e9sormais courir \u00e0 plein temps. C\u2019est un r\u00eave qui devient r\u00e9alit\u00e9\u00a0\u00bb, confie-t-elle. La coureuse esp\u00e8re continuer \u00e0 \u00ab\u00a0progresser\u00a0physiquement, tactiquement et mentalement et devenir\u00a0une \u00e9quipi\u00e8re fiable au plus haut niveau\u00a0\u00bb. Son manager g\u00e9n\u00e9ral, <strong>Luca Guercilena<\/strong>, salue \u00ab\u00a0un parcours exemplaire, preuve de ce que le travail et la d\u00e9termination peuvent accomplir\u00a0\u00bb.<\/p>\n<p>&#13;<\/p>\n<p>\u00a0<\/p>\n<p>&#13;<br \/>\n\u00ab\u00a0Je n\u2019aurais jamais imagin\u00e9 que l\u2019\u00e9quipe s\u2019int\u00e9resserait \u00e0 moi\u00a0\u00bb&#13;<\/p>\n<p>De son c\u00f4t\u00e9, <strong>Katharina Sadnik<\/strong>, 22 ans, quitte le VTT pour se consacrer pleinement \u00e0 la route sous les couleurs de <strong>Visma-Lease a Bike<\/strong>. Victorieuse du classement g\u00e9n\u00e9ral de la Coupe du monde U23 de short track, elle aborde ce nouveau d\u00e9fi avec enthousiasme. \u00ab\u00a0Je n\u2019aurais jamais imagin\u00e9 que l\u2019\u00e9quipe s\u2019int\u00e9resserait \u00e0 moi. C\u2019est une immense fiert\u00e9 de rejoindre une structure aussi prestigieuse\u00a0\u00bb, explique la jeune Autrichienne. Elle esp\u00e8re s\u2019\u00e9panouir dans les classiques et apprendre les codes du cyclisme d\u2019\u00e9quipe. \u00ab\u00a0En VTT, on court seul. Ici, il faut travailler ensemble et c\u2019est quelque chose que j\u2019ai h\u00e2te de d\u00e9couvrir.\u00a0\u00bb\u00a0Son manager, <strong>Rutger Tijssen<\/strong>, voit en elle \u00ab la future pi\u00e8ce ma\u00eetresse pour les classiques de printemps\u00a0\u00bb.<\/p>\n","protected":false},"excerpt":{"rendered":"Les formations Lidl\u2013Trek et Visma-Lease a Bike continuent de renforcer leurs effectifs en vue de 2026. L\u2019Irlandaise Marine&hellip;\n","protected":false},"author":2,"featured_media":515305,"comment_status":"","ping_status":"","sticky":false,"template":"","format":"standard","meta":{"footnotes":""},"categories":[1411],"tags":[1154,207,211,1011,27,209,60,210,969,212,208,213],"class_list":{"0":"post-515304","1":"post","2":"type-post","3":"status-publish","4":"format-standard","5":"has-post-thumbnail","7":"category-cyclisme","8":"tag-cycling","9":"tag-cyclisme","10":"tag-ffc","11":"tag-fr","12":"tag-france","13":"tag-route","14":"tag-sports","15":"tag-tour-de-france","16":"tag-transfert","17":"tag-uci","18":"tag-velo","19":"tag-world-tour"},"share_on_mastodon":{"url":"https:\/\/pubeurope.com\/@fr\/115501423958261092","error":""},"_links":{"self":[{"href":"https:\/\/www.europesays.com\/fr\/wp-json\/wp\/v2\/posts\/515304","targetHints":{"allow":["GET"]}}],"collection":[{"href":"https:\/\/www.europesays.com\/fr\/wp-json\/wp\/v2\/posts"}],"about":[{"href":"https:\/\/www.europesays.com\/fr\/wp-json\/wp\/v2\/types\/post"}],"author":[{"embeddable":true,"href":"https:\/\/www.europesays.com\/fr\/wp-json\/wp\/v2\/users\/2"}],"replies":[{"embeddable":true,"href":"https:\/\/www.europesays.com\/fr\/wp-json\/wp\/v2\/comments?post=515304"}],"version-history":[{"count":0,"href":"https:\/\/www.europesays.com\/fr\/wp-json\/wp\/v2\/posts\/515304\/revisions"}],"wp:featuredmedia":[{"embeddable":true,"href":"https:\/\/www.europesays.com\/fr\/wp-json\/wp\/v2\/media\/515305"}],"wp:attachment":[{"href":"https:\/\/www.europesays.com\/fr\/wp-json\/wp\/v2\/media?parent=515304"}],"wp:term":[{"taxonomy":"category","embeddable":true,"href":"https:\/\/www.europesays.com\/fr\/wp-json\/wp\/v2\/categories?post=515304"},{"taxonomy":"post_tag","embeddable":true,"href":"https:\/\/www.europesays.com\/fr\/wp-json\/wp\/v2\/tags?post=515304"}],"curies":[{"name":"wp","href":"https:\/\/api.w.org\/{rel}","templated":true}]}}