{"id":515308,"date":"2025-11-06T06:51:12","date_gmt":"2025-11-06T06:51:12","guid":{"rendered":"https:\/\/www.europesays.com\/fr\/515308\/"},"modified":"2025-11-06T06:51:12","modified_gmt":"2025-11-06T06:51:12","slug":"blanche-gardin-proche-de-philippe-katerine-ce-detail-ecoeurant-sur-leur-intimite-quon-aurait-prefere-ne-pas-connaitre","status":"publish","type":"post","link":"https:\/\/www.europesays.com\/fr\/515308\/","title":{"rendered":"Blanche Gardin proche de Philippe Katerine, ce d\u00e9tail \u00e9c\u0153urant sur leur intimit\u00e9 qu\u2019on aurait pr\u00e9f\u00e9r\u00e9 ne pas conna\u00eetre !"},"content":{"rendered":"<p>Ce mercredi 5 novembre 2025, <a href=\"https:\/\/www.closermag.fr\/people\/blanche-gardin-de-quelle-grave-maladie-a-t-elle-souffert-3591714\" target=\"_blank\" rel=\"noopener\"><br \/>\nBlanche Gardin, qui souffre d\u00a0\u00bbune maladie<\/a>, et Philippe Katerine<br \/>\n\u00e9taient les invit\u00e9s de Yann Barth\u00e8s sur le plateau de Quotidien<br \/>\npour parler de leur nouveau film, <strong>L\u2019Incroyable femme<br \/>\ndes neiges.<\/strong> Une com\u00e9die d\u00e9cal\u00e9e, tourn\u00e9e dans les<br \/>\npaysages glac\u00e9s du Groenland, o\u00f9 les deux artistes campent un duo<br \/>\naussi improbable qu\u2019attachant.<\/p>\n<p>Mais alors que l\u2019\u00e9quipe du talk-show s\u2019attendait \u00e0 des anecdotes<br \/>\nde tournage classiques, la conversation a rapidement pris un<br \/>\ntournant\u2026 pour le moins inattendu. Interrog\u00e9 sur les coulisses du<br \/>\nfilm, <a href=\"https:\/\/www.closermag.fr\/people\/philippe-katerine-jaurais-pu-y-passer-ses-terribles-confidences-sur-loperation-qui-aurait-pu-lui-couter-la-vie-3501707\" target=\"_blank\" rel=\"noopener\"><br \/>\nPhilippe Katerine, qui s&rsquo;\u00e9tait confi\u00e9 sur sa sant\u00e9<\/a>, s\u2019est lanc\u00e9<br \/>\ndans un r\u00e9cit aussi sinc\u00e8re que d\u00e9routant. \u201cC\u2019est vrai qu\u2019on a<br \/>\neu <strong>des discussions tr\u00e8s f\u00e9cales\u201d,<\/strong> a-t-il<br \/>\navou\u00e9 en souriant. \u201cAu Groenland, il n\u2019y a pas de chasse d\u2019eau.<br \/>\nOn partageait la m\u00eame maison, donc on m\u00e9langeait un peu nos\u2026 nos<br \/>\nmati\u00e8res. Nos chefs-d\u2019\u0153uvre.\u201d\u00a0<\/p>\n<p>Philippe Katerine et Blanche Gardin font des confidences<br \/>\nd\u00e9routantes sur leur tournage<\/p>\n<p>Une d\u00e9claration qui a imm\u00e9diatement plong\u00e9 le plateau dans un<br \/>\nm\u00e9lange d\u2019embarras et de fous rires nerveux. Pris de court, Yann<br \/>\nBarth\u00e8s a tent\u00e9 de rattraper le coup : \u201cJe ne pensais pas qu\u2019on<br \/>\nirait l\u00e0 tout de suite\u2026\u201d, a-t-il l\u00e2ch\u00e9. Mais impossible<br \/>\nd\u2019arr\u00eater Philippe Katerine, ravi de son effet. L\u2019acteur a<br \/>\npoursuivi, imperturbable : \u201cL\u00e0-bas, il y a un homme<br \/>\n<strong>qu\u2019on appelle Monsieur Caca.<\/strong> C\u2019est lui qui va<br \/>\nchercher les sacs. Alors imaginez, dans une maison enti\u00e8re, ce que<br \/>\n\u00e7a peut donner\u2026\u201d<\/p>\n<p>L\u2019animateur de Quotidien a alors une pens\u00e9e pour les personnes<br \/>\nqui mangent et qui regardent l\u2019\u00e9mission : \u201cBon app\u00e9tit, si vous<br \/>\n\u00eates \u00e0 table.\u201d Fid\u00e8le \u00e0 elle-m\u00eame, Blanche Gardin, qui a<br \/>\n\u00e9voqu\u00e9 <a href=\"https:\/\/www.closermag.fr\/people\/je-nai-jamais-ete-blanche-gardin-criblee-par-les-polemiques-elle-revient-sur-sa-disparition-mediatique-3591792\" target=\"_blank\" rel=\"noopener\"><br \/>\nles pol\u00e9miques dans lesquelles elle \u00e9tait emp\u00eatr\u00e9e<\/a>, n\u2019a pas<br \/>\ncherch\u00e9 \u00e0 sauver la mise, bien au contraire. L\u2019humoriste a rebondi<br \/>\navec un s\u00e9rieux d\u00e9sarmant : \u201cPour des artistes, c\u2019est bien,<br \/>\nparce que m\u00eame avant de tourner, on avait d\u00e9j\u00e0 <strong>une cr\u00e9ation<br \/>\ncommune, en fait, qui \u00e9tait\u2026 m\u00e9lang\u00e9e.\u201d\u00a0<\/strong><\/p>\n<p>Le plateau de Quotidien hilare<\/p>\n<p>Une phrase qui a fait exploser de rire le public, tandis que<br \/>\nPhilippe Katerine opinait, visiblement ravi de cette complicit\u00e9 si<br \/>\nparticuli\u00e8re. Dans L\u2019Incroyable femme des neiges, les deux<br \/>\ncom\u00e9diens ont d\u00fb <strong>subir un tournage extr\u00eame.<\/strong><\/p>\n<p>Et si cette histoire d\u2019\u201c\u0153uvre partag\u00e9e\u201d a choqu\u00e9<br \/>\nquelques t\u00e9l\u00e9spectateurs, elle illustre parfaitement ce qui unit<br \/>\nces deux artistes singuliers. Le public de Quotidien a pu ainsi<br \/>\nprofiter de ces confidences assez\u2026 \u00e9tonnantes.<\/p>\n","protected":false},"excerpt":{"rendered":"Ce mercredi 5 novembre 2025, Blanche Gardin, qui souffre d\u00a0\u00bbune maladie, et Philippe Katerine \u00e9taient les invit\u00e9s de&hellip;\n","protected":false},"author":2,"featured_media":515309,"comment_status":"","ping_status":"","sticky":false,"template":"","format":"standard","meta":{"footnotes":""},"categories":[1359],"tags":[1623,58,59,1011,27,973,9381],"class_list":{"0":"post-515308","1":"post","2":"type-post","3":"status-publish","4":"format-standard","5":"has-post-thumbnail","7":"category-people","8":"tag-blanche-gardin","9":"tag-divertissement","10":"tag-entertainment","11":"tag-fr","12":"tag-france","13":"tag-people","14":"tag-philippe-katerine"},"share_on_mastodon":{"url":"https:\/\/pubeurope.com\/@fr\/115501431796135728","error":""},"_links":{"self":[{"href":"https:\/\/www.europesays.com\/fr\/wp-json\/wp\/v2\/posts\/515308","targetHints":{"allow":["GET"]}}],"collection":[{"href":"https:\/\/www.europesays.com\/fr\/wp-json\/wp\/v2\/posts"}],"about":[{"href":"https:\/\/www.europesays.com\/fr\/wp-json\/wp\/v2\/types\/post"}],"author":[{"embeddable":true,"href":"https:\/\/www.europesays.com\/fr\/wp-json\/wp\/v2\/users\/2"}],"replies":[{"embeddable":true,"href":"https:\/\/www.europesays.com\/fr\/wp-json\/wp\/v2\/comments?post=515308"}],"version-history":[{"count":0,"href":"https:\/\/www.europesays.com\/fr\/wp-json\/wp\/v2\/posts\/515308\/revisions"}],"wp:featuredmedia":[{"embeddable":true,"href":"https:\/\/www.europesays.com\/fr\/wp-json\/wp\/v2\/media\/515309"}],"wp:attachment":[{"href":"https:\/\/www.europesays.com\/fr\/wp-json\/wp\/v2\/media?parent=515308"}],"wp:term":[{"taxonomy":"category","embeddable":true,"href":"https:\/\/www.europesays.com\/fr\/wp-json\/wp\/v2\/categories?post=515308"},{"taxonomy":"post_tag","embeddable":true,"href":"https:\/\/www.europesays.com\/fr\/wp-json\/wp\/v2\/tags?post=515308"}],"curies":[{"name":"wp","href":"https:\/\/api.w.org\/{rel}","templated":true}]}}