{"id":515316,"date":"2025-11-06T06:56:12","date_gmt":"2025-11-06T06:56:12","guid":{"rendered":"https:\/\/www.europesays.com\/fr\/515316\/"},"modified":"2025-11-06T06:56:12","modified_gmt":"2025-11-06T06:56:12","slug":"suicide-squad-film-2016","status":"publish","type":"post","link":"https:\/\/www.europesays.com\/fr\/515316\/","title":{"rendered":"Suicide Squad &#8211; Film (2016)"},"content":{"rendered":"<p>Informations<\/p>\n<p class=\"default-2\">Face \u00e0 une menace aussi \u00e9nigmatique qu&rsquo;invincible, l&rsquo;agent secret Amanda Waller r\u00e9unit une armada de crapules de la pire esp\u00e8ce. Arm\u00e9s jusqu&rsquo;aux dents par le gouvernement, ces super-m\u00e9chants s&#8217;embarquent alors pour une mission suicide. Jusqu&rsquo;au moment o\u00f9 ils comprennent qu&rsquo;ils ont \u00e9t\u00e9 sacrifi\u00e9s.<\/p>\n<p>Casting<\/p>\n<p class=\"default-2 text-secondary flex\">Will Smith, Jared Leto, Margot Robbie, Cara Delevingne, Jai Courtney, Joel Kinnaman, Viola Davis, Jay Hernandez, Adewale Akinnuoye-Agbaje, Ike Barinholtz<\/p>\n<p>R\u00e9alis\u00e9 par<\/p>\n<p class=\"default-2 text-secondary flex\">David Ayer<\/p>\n","protected":false},"excerpt":{"rendered":"Informations Face \u00e0 une menace aussi \u00e9nigmatique qu&rsquo;invincible, l&rsquo;agent secret Amanda Waller r\u00e9unit une armada de crapules de&hellip;\n","protected":false},"author":2,"featured_media":515317,"comment_status":"","ping_status":"","sticky":false,"template":"","format":"standard","meta":{"footnotes":""},"categories":[1354],"tags":[58,59,1346,1011,27,1360,63596,63597,63598,63593,63599,63594,63600,63595,63601],"class_list":{"0":"post-515316","1":"post","2":"type-post","3":"status-publish","4":"format-standard","5":"has-post-thumbnail","7":"category-films","8":"tag-divertissement","9":"tag-entertainment","10":"tag-films","11":"tag-fr","12":"tag-france","13":"tag-movies","14":"tag-streaming-suicide-squad-film-2016","15":"tag-streaming-suicide-squad-film-2016-tf1","16":"tag-streaming-tf1-suicide-squad-film-2016","17":"tag-suicide-squad-film-2016","18":"tag-suicide-squad-film-2016-streaming","19":"tag-suicide-squad-film-2016-tf1","20":"tag-suicide-squad-film-2016-tf1-streaming","21":"tag-tf1-suicide-squad-film-2016","22":"tag-tf1-suicide-squad-film-2016-streaming"},"share_on_mastodon":{"url":"https:\/\/pubeurope.com\/@fr\/115501451532101957","error":""},"_links":{"self":[{"href":"https:\/\/www.europesays.com\/fr\/wp-json\/wp\/v2\/posts\/515316","targetHints":{"allow":["GET"]}}],"collection":[{"href":"https:\/\/www.europesays.com\/fr\/wp-json\/wp\/v2\/posts"}],"about":[{"href":"https:\/\/www.europesays.com\/fr\/wp-json\/wp\/v2\/types\/post"}],"author":[{"embeddable":true,"href":"https:\/\/www.europesays.com\/fr\/wp-json\/wp\/v2\/users\/2"}],"replies":[{"embeddable":true,"href":"https:\/\/www.europesays.com\/fr\/wp-json\/wp\/v2\/comments?post=515316"}],"version-history":[{"count":0,"href":"https:\/\/www.europesays.com\/fr\/wp-json\/wp\/v2\/posts\/515316\/revisions"}],"wp:featuredmedia":[{"embeddable":true,"href":"https:\/\/www.europesays.com\/fr\/wp-json\/wp\/v2\/media\/515317"}],"wp:attachment":[{"href":"https:\/\/www.europesays.com\/fr\/wp-json\/wp\/v2\/media?parent=515316"}],"wp:term":[{"taxonomy":"category","embeddable":true,"href":"https:\/\/www.europesays.com\/fr\/wp-json\/wp\/v2\/categories?post=515316"},{"taxonomy":"post_tag","embeddable":true,"href":"https:\/\/www.europesays.com\/fr\/wp-json\/wp\/v2\/tags?post=515316"}],"curies":[{"name":"wp","href":"https:\/\/api.w.org\/{rel}","templated":true}]}}