{"id":515322,"date":"2025-11-06T06:59:13","date_gmt":"2025-11-06T06:59:13","guid":{"rendered":"https:\/\/www.europesays.com\/fr\/515322\/"},"modified":"2025-11-06T06:59:13","modified_gmt":"2025-11-06T06:59:13","slug":"la-honte-et-le-deshonneur-lfi-reclame-la-deprogrammation-dun-concert-damir-a-brest","status":"publish","type":"post","link":"https:\/\/www.europesays.com\/fr\/515322\/","title":{"rendered":"\u00ab\u00a0La honte et le d\u00e9shonneur\u00a0\u00bb\u00a0: LFI r\u00e9clame la d\u00e9programmation d\u2019un concert d\u2019Amir \u00e0 Brest"},"content":{"rendered":"<p class=\"paragraph text_align_left lp-f-body-02\">Ce n\u2019est pas une premi\u00e8re pour le chanteur franco isra\u00e9lien <a href=\"https:\/\/www.leparisien.fr\/culture-loisirs\/musique\/jai-eu-peur-pour-mes-enfants-amir-se-confie-pour-la-premiere-fois-sur-lappel-au-boycott-de-ses-concerts-16-09-2025-UACCQIB6BZHE5HS5RUZFIWLTKM.php\" target=\"_blank\" rel=\"noreferrer nofollow noopener\">Amir<\/a>. Dans un communiqu\u00e9, la France insoumise (LFI) a demand\u00e9 ce lundi la d\u00e9programmation d\u2019un concert de l\u2019artiste r\u00e9v\u00e9l\u00e9 par <a href=\"https:\/\/www.leparisien.fr\/culture-loisirs\/amir-haddad-de-the-voice-a-l-eurovision-27-02-2016-5580715.php\" rel=\"nofollow noopener\" target=\"_blank\">The Voice<\/a> pr\u00e9vu jeudi \u00e0 Brest (Finist\u00e8re). \u00ab Son parcours pourtant, aurait du rendre \u00e9vident \u00e0 tous les acteurs locaux qu\u2019il ne fallait pas l\u2019invit\u00e9 \u00bb, a d\u00e9nonc\u00e9 dans son communiqu\u00e9 de presse C\u00e9cile Beaudouin, la t\u00eate de liste insoumise \u00e0 Brest pour les municipales 2026. Elle fustige une \u00ab honte \u00bb et un \u00ab d\u00e9shonneur \u00bb.<\/p>\n<p class=\"paragraph text_align_left lp-f-body-02\">Dans son viseur : la participation d\u2019Amir \u00e0 un \u00e9v\u00e9nement \u00e0 H\u00e9bron, situ\u00e9 dans une colonie isra\u00e9lienne ill\u00e9gale en Cisjordanie. Accusant le chanteur d\u2019avoir \u00ab contribu\u00e9 financi\u00e8rement et m\u00e9diatiquement au soutien de la police aux fronti\u00e8res isra\u00e9liennes \u00bb ou<a href=\"https:\/\/www.leparisien.fr\/international\/israel\/\" target=\"_blank\" rel=\"noreferrer nofollow noopener\"> soutenu l\u2019arm\u00e9e isra\u00e9lienne dans son action \u00e0 Gaza<\/a> en 2014, LFI estime qu\u2019\u00ab Amir montre sa proximit\u00e9 avec l\u2019extr\u00eame droite coloniale \u00bb. \u00ab Nous d\u00e9plorons que l\u2019Arena (salle o\u00f9 il doit se produire) ait accept\u00e9 un tel concert \u00bb, poursuit le communiqu\u00e9.<\/p>\n<p>Pas de commentaire des autorit\u00e9s<\/p>\n<p class=\"paragraph text_align_left lp-f-body-02\">Contact\u00e9 par <a href=\"https:\/\/www.letelegramme.fr\/finistere\/brest-29200\/la-france-insoumise-demande-la-deprogrammation-du-chanteur-amir-a-la-brest-arena-6921865.php\" target=\"_blank\" rel=\"noreferrer nofollow noopener\">le journal local Le T\u00e9l\u00e9gramme<\/a> lundi, Diog\u00e8ne productions, qui produit le concert, n\u2019a pas souhait\u00e9 s\u2019exprimer, de m\u00eame que la ville de Brest. Brest M\u00e9tropole, joint par <a href=\"https:\/\/www.ouest-france.fr\/culture\/musiques\/il-ne-fallait-pas-linviter-la-venue-du-chanteur-amir-en-bretagne-fait-polemique-68ff05b6-b8c2-11f0-82c7-21cf9bb02d71\" target=\"_blank\" rel=\"noreferrer nofollow noopener\">Ouest-France<\/a>, n\u2019a \u00e9galement pas souhait\u00e9 r\u00e9agir.<\/p>\n<p class=\"paragraph text_align_left lp-f-body-02\">En juillet dernier, <a href=\"https:\/\/www.leparisien.fr\/culture-loisirs\/musique\/mal-a-laise-dix-artistes-denoncent-la-presence-damir-aux-francofolies-de-spa-16-07-2025-3Q66H557XRFJPCHTOULX6TKSFY.php\" target=\"_blank\" rel=\"noreferrer nofollow noopener\">dix artistes avaient d\u00e9j\u00e0 d\u00e9nonc\u00e9 la pr\u00e9sence d\u2019Amir aux Francofolies de Spa<\/a>, pointant du doigt sa prise de position dans le conflit isra\u00e9lo-palestinien. \u00ab Pourquoi s\u2019en prendre \u00e0 un artiste dont l\u2019int\u00e9gralit\u00e9 des prises de parole a syst\u00e9matiquement appel\u00e9 \u00e0 la paix, au respect de la dignit\u00e9 humaine, \u00e0 la concorde entre les peuples \u00bb, <a href=\"https:\/\/www.leparisien.fr\/culture-loisirs\/musique\/polemique-autour-damir-aux-francos-de-spa-montrer-du-doigt-un-chanteur-qui-parle-de-paix-cest-degueulasse-17-07-2025-BICBWCZTDVAZPHWWGIMLJZFVRQ.php\" target=\"_blank\" rel=\"noreferrer nofollow noopener\">avait alors r\u00e9agi<\/a> dans nos colonnes son entourage.<\/p>\n<p class=\"paragraph text_align_left lp-f-body-02\">\u00ab Le boycott artistique est un acte l\u00e2che, insens\u00e9, qui va \u00e0 l\u2019encontre du pluralisme, la d\u00e9finition m\u00eame de l\u2019art pour moi \u00bb, avait d\u00e9nonc\u00e9 Amir <a href=\"https:\/\/www.leparisien.fr\/culture-loisirs\/musique\/jai-eu-peur-pour-mes-enfants-amir-se-confie-pour-la-premiere-fois-sur-lappel-au-boycott-de-ses-concerts-16-09-2025-UACCQIB6BZHE5HS5RUZFIWLTKM.php\" target=\"_blank\" rel=\"noreferrer nofollow noopener\">dans un entretien au \u00ab Parisien-Aujourd\u2019hui en France \u00bb<\/a> en septembre dernier. En d\u00e9non\u00e7ant un \u00ab antis\u00e9mitisme d\u2019atmosph\u00e8re \u00bb, il disait alors avoir peur pour ses proches. \u00ab Je commence \u00e0 m\u2019inqui\u00e9ter pour mes enfants, leur s\u00e9curit\u00e9, puis la mienne\u2026 \u00bb. Il affirmait \u00e0 ce moment-l\u00e0 recevoir des \u00ab sceaux de menaces et d\u2019insultes \u00bb.<\/p>\n","protected":false},"excerpt":{"rendered":"Ce n\u2019est pas une premi\u00e8re pour le chanteur franco isra\u00e9lien Amir. Dans un communiqu\u00e9, la France insoumise (LFI)&hellip;\n","protected":false},"author":2,"featured_media":515323,"comment_status":"","ping_status":"","sticky":false,"template":"","format":"standard","meta":{"footnotes":""},"categories":[8],"tags":[872,459,58,59,1011,27,873],"class_list":{"0":"post-515322","1":"post","2":"type-post","3":"status-publish","4":"format-standard","5":"has-post-thumbnail","7":"category-divertissement","8":"tag-culture-et-loisirs","9":"tag-departements-horsidfo","10":"tag-divertissement","11":"tag-entertainment","12":"tag-fr","13":"tag-france","14":"tag-musique"},"share_on_mastodon":{"url":"https:\/\/pubeurope.com\/@fr\/115501463926792240","error":""},"_links":{"self":[{"href":"https:\/\/www.europesays.com\/fr\/wp-json\/wp\/v2\/posts\/515322","targetHints":{"allow":["GET"]}}],"collection":[{"href":"https:\/\/www.europesays.com\/fr\/wp-json\/wp\/v2\/posts"}],"about":[{"href":"https:\/\/www.europesays.com\/fr\/wp-json\/wp\/v2\/types\/post"}],"author":[{"embeddable":true,"href":"https:\/\/www.europesays.com\/fr\/wp-json\/wp\/v2\/users\/2"}],"replies":[{"embeddable":true,"href":"https:\/\/www.europesays.com\/fr\/wp-json\/wp\/v2\/comments?post=515322"}],"version-history":[{"count":0,"href":"https:\/\/www.europesays.com\/fr\/wp-json\/wp\/v2\/posts\/515322\/revisions"}],"wp:featuredmedia":[{"embeddable":true,"href":"https:\/\/www.europesays.com\/fr\/wp-json\/wp\/v2\/media\/515323"}],"wp:attachment":[{"href":"https:\/\/www.europesays.com\/fr\/wp-json\/wp\/v2\/media?parent=515322"}],"wp:term":[{"taxonomy":"category","embeddable":true,"href":"https:\/\/www.europesays.com\/fr\/wp-json\/wp\/v2\/categories?post=515322"},{"taxonomy":"post_tag","embeddable":true,"href":"https:\/\/www.europesays.com\/fr\/wp-json\/wp\/v2\/tags?post=515322"}],"curies":[{"name":"wp","href":"https:\/\/api.w.org\/{rel}","templated":true}]}}