{"id":515326,"date":"2025-11-06T07:01:15","date_gmt":"2025-11-06T07:01:15","guid":{"rendered":"https:\/\/www.europesays.com\/fr\/515326\/"},"modified":"2025-11-06T07:01:15","modified_gmt":"2025-11-06T07:01:15","slug":"en-plein-shutdown-ladministration-trump-ordonne-aux-compagnies-dannuler-de-milliers-de-vols","status":"publish","type":"post","link":"https:\/\/www.europesays.com\/fr\/515326\/","title":{"rendered":"En plein \u00ab\u00a0shutdown\u00a0\u00bb, l\u2019administration Trump ordonne aux compagnies d\u2019annuler de milliers de vols"},"content":{"rendered":"<p>Aux <a href=\"https:\/\/www.20minutes.fr\/monde\/etats-unis\/\" target=\"_blank\" class=\"c-link c-link--is-underlined\" rel=\"nofollow noopener\">Etats-Unis<\/a>, les voyageurs vont conna\u00eetre un week-end noir dans les airs. A partir de vendredi, l\u2019administration de <a href=\"https:\/\/www.20minutes.fr\/dossier\/donald_trump\" target=\"_blank\" class=\"c-link c-link--is-underlined\" rel=\"nofollow noopener\">Donald Trump<\/a> a demand\u00e9 aux compagnies a\u00e9riennes de r\u00e9duire leurs vols de 10\u00a0% dans une quarantaine d\u2019a\u00e9roports majeurs. Une d\u00e9cision in\u00e9dite, destin\u00e9e \u00e0 soulager un contr\u00f4le a\u00e9rien asphyxi\u00e9 par le \u00ab\u00a0shutdown\u00a0\u00bb qui paralyse l\u2019administration depuis plus d\u2019un mois.<\/p>\n<p>\u00ab\u00a0Nous allons r\u00e9duire les capacit\u00e9s de vols de 10\u00a0%\u00a0\u00bb, a annonc\u00e9 le secr\u00e9taire aux Transports, Sean Duffy, lors d\u2019une conf\u00e9rence de presse. Il a pr\u00e9cis\u00e9 que l\u2019Agence f\u00e9d\u00e9rale de l\u2019aviation (FAA) fait face \u00e0 un manque de 2.000 <a href=\"https:\/\/www.20minutes.fr\/dossier\/controleurs_aeriens\" target=\"_blank\" class=\"c-link c-link--is-underlined\" rel=\"nofollow noopener\">contr\u00f4leurs a\u00e9riens<\/a>, entra\u00eenant une tension croissante sur les \u00e9quipes encore en poste. \u00ab\u00a0Il faut r\u00e9duire la pression\u00a0\u00bb, a-t-il insist\u00e9, alors que les absences se multiplient parmi les agents contraints de travailler sans salaire.<\/p>\n<p>Des milliers d\u2019agents travaillent sans \u00eatre pay\u00e9s<\/p>\n<p>Entr\u00e9s mercredi dans leur 36e jour de \u00ab\u00a0shutdown\u00a0\u00bb, les Etats-Unis battent d\u00e9sormais le record du plus long blocage budg\u00e9taire de leur histoire. Les n\u00e9gociations entre r\u00e9publicains et d\u00e9mocrates, paralys\u00e9es depuis le 1er\u00a0octobre, emp\u00eachent l\u2019adoption d\u2019un nouveau budget. Cons\u00e9quence\u00a0: des centaines de milliers de <a href=\"https:\/\/www.20minutes.fr\/dossier\/fonctionnaires\" target=\"_blank\" class=\"c-link c-link--is-underlined\" rel=\"nofollow noopener\">fonctionnaires<\/a> sont au ch\u00f4mage technique, et plus de 60.000 contr\u00f4leurs et agents de s\u00e9curit\u00e9 des transports continuent \u00e0 travailler sans \u00eatre pay\u00e9s. Beaucoup pr\u00e9f\u00e8rent d\u00e9sormais ne plus se pr\u00e9senter au travail.<\/p>\n<\/p>\n<p>La d\u00e9cision du gouvernement tombe \u00e0 la veille du long week-end du Veterans Day, le 11\u00a0novembre, traditionnellement marqu\u00e9 par un pic de d\u00e9placements a\u00e9riens. \u00ab\u00a0Vous nous verrez peut-\u00eatre fermer certaines parties de l\u2019espace a\u00e9rien, simplement parce que nous ne pourrons pas le g\u00e9rer\u00a0\u00bb, avait averti mardi <a href=\"https:\/\/www.20minutes.fr\/monde\/etats-unis\/4183618-20251104-etats-unis-continue-shutdown-pourrait-creer-chaos-trafic-aerien\" target=\"_blank\" class=\"c-link c-link--is-underlined\" rel=\"nofollow noopener\">Sean Duffy, mettant en garde contre un possible \u00ab\u00a0chaos\u00a0\u00bb<\/a>.<\/p>\n<p>\u00ab\u00a0Une situation tr\u00e8s inhabituelle\u00a0\u00bb<\/p>\n<p>Le directeur de la FAA, Bryan Bedford, a confirm\u00e9 l\u2019ampleur de la crise. \u00ab\u00a0Nos contr\u00f4leurs n\u2019ont pas \u00e9t\u00e9 pay\u00e9s depuis un mois. Nous voulons r\u00e9duire cette pression avant que cela ne devienne un probl\u00e8me\u00a0\u00bb, a-t-il expliqu\u00e9. Selon lui, jamais une telle r\u00e9duction du trafic n\u2019avait \u00e9t\u00e9 d\u00e9cid\u00e9e en 35 ans de carri\u00e8re. \u00ab\u00a0C\u2019est une situation tr\u00e8s inhabituelle. Le syst\u00e8me est s\u00fbr aujourd\u2019hui, il le sera demain, mais si la pression continue d\u2019augmenter, nous prendrons d\u2019autres mesures\u00a0\u00bb, a-t-il ajout\u00e9.<\/p>\n<p><a href=\"https:\/\/www.20minutes.fr\/monde\/etats-unis\/\" target=\"_blank\" class=\"c-link c-btn c-btn--primary\" rel=\"nofollow noopener\">Notre dossier sur les Etats-Unis<\/a><\/p>\n<p>Chaque jour, 44.000 vols sont supervis\u00e9s par la FAA. Leur r\u00e9duction massive risque de provoquer des perturbations majeures dans tout le pays et d\u2019accro\u00eetre la col\u00e8re de l\u2019opinion publique face \u00e0 un blocage politique sans issue visible.<\/p>\n","protected":false},"excerpt":{"rendered":"Aux Etats-Unis, les voyageurs vont conna\u00eetre un week-end noir dans les airs. A partir de vendredi, l\u2019administration de&hellip;\n","protected":false},"author":2,"featured_media":515327,"comment_status":"","ping_status":"","sticky":false,"template":"","format":"standard","meta":{"footnotes":""},"categories":[6],"tags":[47,663,1003,35,35823,75,33,34,73,1273,1011,27,74,36161],"class_list":{"0":"post-515326","1":"post","2":"type-post","3":"status-publish","4":"format-standard","5":"has-post-thumbnail","7":"category-economie","8":"tag-actualite","9":"tag-aeroport","10":"tag-budget","11":"tag-business","12":"tag-controleurs-aeriens","13":"tag-donald-trump","14":"tag-economie","15":"tag-economy","16":"tag-etats-unis","17":"tag-fonctionnaires","18":"tag-fr","19":"tag-france","20":"tag-monde","21":"tag-trafic-aerien"},"share_on_mastodon":{"url":"https:\/\/pubeurope.com\/@fr\/115501471140403347","error":""},"_links":{"self":[{"href":"https:\/\/www.europesays.com\/fr\/wp-json\/wp\/v2\/posts\/515326","targetHints":{"allow":["GET"]}}],"collection":[{"href":"https:\/\/www.europesays.com\/fr\/wp-json\/wp\/v2\/posts"}],"about":[{"href":"https:\/\/www.europesays.com\/fr\/wp-json\/wp\/v2\/types\/post"}],"author":[{"embeddable":true,"href":"https:\/\/www.europesays.com\/fr\/wp-json\/wp\/v2\/users\/2"}],"replies":[{"embeddable":true,"href":"https:\/\/www.europesays.com\/fr\/wp-json\/wp\/v2\/comments?post=515326"}],"version-history":[{"count":0,"href":"https:\/\/www.europesays.com\/fr\/wp-json\/wp\/v2\/posts\/515326\/revisions"}],"wp:featuredmedia":[{"embeddable":true,"href":"https:\/\/www.europesays.com\/fr\/wp-json\/wp\/v2\/media\/515327"}],"wp:attachment":[{"href":"https:\/\/www.europesays.com\/fr\/wp-json\/wp\/v2\/media?parent=515326"}],"wp:term":[{"taxonomy":"category","embeddable":true,"href":"https:\/\/www.europesays.com\/fr\/wp-json\/wp\/v2\/categories?post=515326"},{"taxonomy":"post_tag","embeddable":true,"href":"https:\/\/www.europesays.com\/fr\/wp-json\/wp\/v2\/tags?post=515326"}],"curies":[{"name":"wp","href":"https:\/\/api.w.org\/{rel}","templated":true}]}}