{"id":515360,"date":"2025-11-06T07:20:15","date_gmt":"2025-11-06T07:20:15","guid":{"rendered":"https:\/\/www.europesays.com\/fr\/515360\/"},"modified":"2025-11-06T07:20:15","modified_gmt":"2025-11-06T07:20:15","slug":"on-a-besoin-du-regard-de-tout-le-monde","status":"publish","type":"post","link":"https:\/\/www.europesays.com\/fr\/515360\/","title":{"rendered":"\u00ab On a besoin du regard de tout le monde \u00bb"},"content":{"rendered":"<p>\u00ab\u00a0Il n\u2019y a pas de profil du harceleur ou du harcel\u00e9\u00a0\u00bb, \u00ab\u00a0les auteurs ont parfois \u00e9t\u00e9 victimes\u00a0\u00bb et \u00ab\u00a0chaque situation est particuli\u00e8re\u00a0\u00bb. Morgane Martin conna\u00eet bien la probl\u00e9matique pour \u00eatre conseill\u00e8re principale d\u2019\u00e9ducation de fonction. Nomm\u00e9e en mai dernier responsable de <a href=\"https:\/\/www.lalsace.fr\/education\/2025\/11\/03\/harcelement-scolaire-600-poursuites-penales-engagees-entre-2022-et-fin-2024-selon-le-ministere\" target=\"_blank\" rel=\"nofollow noopener\">la lutte contre le harc\u00e8lement scolaire<\/a> pour l\u2019acad\u00e9mie de Strasbourg, elle est l\u2019interlocutrice du minist\u00e8re de l\u2019\u00c9ducation nationale qui a \u00e9rig\u00e9 ce combat en priorit\u00e9 et elle accompagne les \u00e9tablissements dans le d\u00e9ploiement du programme national Phare.<\/p>\n<p>Avec ce plan global de pr\u00e9vention et de traitement des situations de harc\u00e8lement, \u00ab\u00a0on a une r\u00e9ponse, un protocole\u00a0\u00bb. Et \u00ab\u00a0on avance\u00a0\u00bb, se f\u00e9licite la responsable acad\u00e9mique. Si aucun chiffre n\u2019atteste d\u2019un recul des situations de harc\u00e8lement, Morgane Martin t\u00e9moigne d\u2019une \u00e9volution favorable du climat scolaire dans les \u00e9tablissements et \u00e9voque un changement de paradigme dans l\u2019approche du ph\u00e9nom\u00e8ne.<\/p>\n<p>  Des signaux faibles \u00e0 ne pas minimiser<\/p>\n<p>\u00ab\u00a0Pour s\u00e9curiser nos \u00e9tablissements, on a besoin du regard de tout le monde. Tous les adultes ont un r\u00f4le \u00e0 jouer, pas seulement la vie scolaire.\u00a0\u00bb Les \u00e9coles, coll\u00e8ges et lyc\u00e9es sont ainsi dot\u00e9s d\u2019\u00e9quipes Phare compos\u00e9es de cinq personnes au minimum, issues de toutes les cat\u00e9gories de personnels et form\u00e9es. D\u2019ici 2026, quelque 33\u00a0000 personnels de l\u2019acad\u00e9mie auront re\u00e7u une formation de trois heures en pr\u00e9sentiel.<\/p>\n<p>Objectif\u00a0: \u00ab\u00a0tout adulte doit \u00eatre en mesure de d\u00e9tecter et signaler les situations de harc\u00e8lement. La priorit\u00e9 c\u2019est d\u2019assurer la s\u00e9curit\u00e9 des \u00e9l\u00e8ves. Le harc\u00e8lement, c\u2019est un ensemble de signaux faibles du quotidien. Ce qui pourrait \u00eatre dangereux, c\u2019est de penser que ce sont des gamineries, de les minimiser. Mais les adultes ont l\u2019obligation de les prendre en charge.\u00a0\u00bb<\/p>\n<p>  Une m\u00e9thode \u00ab\u00a0non bl\u00e2mante\u00a0\u00bb<\/p>\n<p>En marge du traitement, selon un protocole strict, des signalements recueillis via \u00e9tablissements, courriers, mails, appels au num\u00e9ro national d\u2019alerte ou \u00e0 la plateforme acad\u00e9mique, l\u2019accent est mis sur la pr\u00e9vention. \u00ab\u00a0L\u2019objectif est de ne pas arriver \u00e0 des situations enkyst\u00e9es et de trouver des leviers en amont.\u00a0\u00bb<\/p>\n<p>Au stade de l\u2019intimidation scolaire, souvent pr\u00e9mices au harc\u00e8lement, l\u2019acad\u00e9mie a en particulier fait le choix de d\u00e9ployer aupr\u00e8s des \u00e9l\u00e8ves une m\u00e9thode \u00ab\u00a0non bl\u00e2mante\u00a0\u00bb dite \u00ab\u00a0de la pr\u00e9occupation partag\u00e9e\u00a0\u00bb. \u00ab\u00a0L\u2019id\u00e9e est de les faire monter en comp\u00e9tences psychosociales, de les faire sortir du r\u00f4le dans lequel ils se sont parfois enferm\u00e9s et de travailler les notions d\u2019empathie, de vivre ensemble. On a vu des postures d\u2019\u00e9l\u00e8ves compl\u00e8tement changer avec cette m\u00e9thode\u00a0\u00bb, expose Morgane Martin. Avec son \u00e9quipe, elle aspire \u00e0 associer le plus possible les parents d\u2019\u00e9l\u00e8ves \u00e0 cette \u00ab\u00a0strat\u00e9gie collective\u00a0\u00bb.<\/p>\n","protected":false},"excerpt":{"rendered":"\u00ab\u00a0Il n\u2019y a pas de profil du harceleur ou du harcel\u00e9\u00a0\u00bb, \u00ab\u00a0les auteurs ont parfois \u00e9t\u00e9 victimes\u00a0\u00bb et&hellip;\n","protected":false},"author":2,"featured_media":515361,"comment_status":"","ping_status":"","sticky":false,"template":"","format":"standard","meta":{"footnotes":""},"categories":[2820],"tags":[1111,11,2389,1057,1777,674,107,1011,27,775,12,25,104,640],"class_list":{"0":"post-515360","1":"post","2":"type-post","3":"status-publish","4":"format-standard","5":"has-post-thumbnail","7":"category-strasbourg","8":"tag-actu","9":"tag-actualites","10":"tag-alsace","11":"tag-education","12":"tag-eu","13":"tag-europe","14":"tag-fil-info","15":"tag-fr","16":"tag-france","17":"tag-grand-est","18":"tag-news","19":"tag-republique-francaise","20":"tag-societe","21":"tag-strasbourg"},"share_on_mastodon":{"url":"https:\/\/pubeurope.com\/@fr\/115501545760524589","error":""},"_links":{"self":[{"href":"https:\/\/www.europesays.com\/fr\/wp-json\/wp\/v2\/posts\/515360","targetHints":{"allow":["GET"]}}],"collection":[{"href":"https:\/\/www.europesays.com\/fr\/wp-json\/wp\/v2\/posts"}],"about":[{"href":"https:\/\/www.europesays.com\/fr\/wp-json\/wp\/v2\/types\/post"}],"author":[{"embeddable":true,"href":"https:\/\/www.europesays.com\/fr\/wp-json\/wp\/v2\/users\/2"}],"replies":[{"embeddable":true,"href":"https:\/\/www.europesays.com\/fr\/wp-json\/wp\/v2\/comments?post=515360"}],"version-history":[{"count":0,"href":"https:\/\/www.europesays.com\/fr\/wp-json\/wp\/v2\/posts\/515360\/revisions"}],"wp:featuredmedia":[{"embeddable":true,"href":"https:\/\/www.europesays.com\/fr\/wp-json\/wp\/v2\/media\/515361"}],"wp:attachment":[{"href":"https:\/\/www.europesays.com\/fr\/wp-json\/wp\/v2\/media?parent=515360"}],"wp:term":[{"taxonomy":"category","embeddable":true,"href":"https:\/\/www.europesays.com\/fr\/wp-json\/wp\/v2\/categories?post=515360"},{"taxonomy":"post_tag","embeddable":true,"href":"https:\/\/www.europesays.com\/fr\/wp-json\/wp\/v2\/tags?post=515360"}],"curies":[{"name":"wp","href":"https:\/\/api.w.org\/{rel}","templated":true}]}}