{"id":515368,"date":"2025-11-06T07:24:25","date_gmt":"2025-11-06T07:24:25","guid":{"rendered":"https:\/\/www.europesays.com\/fr\/515368\/"},"modified":"2025-11-06T07:24:25","modified_gmt":"2025-11-06T07:24:25","slug":"pres-de-nantes-ce-jeune-scientifique-sensibilise-a-la-pollution-des-oceans","status":"publish","type":"post","link":"https:\/\/www.europesays.com\/fr\/515368\/","title":{"rendered":"Pr\u00e8s de Nantes, ce jeune scientifique sensibilise \u00e0 la pollution des oc\u00e9ans"},"content":{"rendered":"<p>Dans le cadre de ses Jeudis th\u00e9matiques, Rez\u00e9 Seniors re\u00e7oit Gauthier S\u00e9veno, m\u00e9diateur scientifique, qui va aborder la pollution plastique des oc\u00e9ans, le 13\u00a0novembre \u00e0 9\u00a0h\u00a030, salle de la Carterie, 38,\u00a0rue Alexandre-Huchon.<\/p>\n<p>\u00a0Je propose des ateliers pour sensibiliser le plus grand nombre \u00e0 la pr\u00e9servation de la plan\u00e8te, face \u00e0 la pollution des oc\u00e9ans. Par mes interventions, je souhaite faire comprendre l\u2019impact du plastique sur la nature et les milieux marins\u00a0\u00bb, explique cet entrepreneur de 33\u00a0ans, fondateur de Microparticules, une initiative qui lui a notamment permis de participer \u00e0 une exp\u00e9dition sur le 7e continent, cette zone oc\u00e9anique envahie par les d\u00e9chets plastiques.<\/p>\n<p><strong>LIRE AUSSI\u00a0:<\/strong> <a href=\"https:\/\/nantes.maville.com\/actu\/actudet_-apres-un-violent-incendie-ce-magasin-rouvre-au-sud-de-nantes-_8-7049291_actu.Htm\" target=\"_blank\" rel=\"noopener\">Apr\u00e8s un violent incendie, ce magasin Boulanger rouvre au sud de Nantes<\/a><\/p>\n<p>Escale au pont B\u00e9lem de Nantes<\/p>\n<p>Intervenant aupr\u00e8s des \u00e9coles, entreprises, associations et plus r\u00e9cemment avec Rez\u00e9 Seniors, il partage ses exp\u00e9riences \u00e0 travers photos et vid\u00e9os, mais aussi les actions des ONG partenaires avec lesquelles il collabore\u00a0: Maewan G\u00e9n\u00e9ration Mer, Race for Water ou encore Plastic Odyssey, toutes engag\u00e9es dans la recherche et la diffusion de solutions concr\u00e8tes contre la pollution marine.<\/p>\n<p>\u00a0L\u2019objectif est que le monde entier se mobilise. D\u2019ailleurs, apr\u00e8s trois ans de tour du monde, le bateau de Plastic Odyssey fera escale \u00e0 Nantes au ponton du B\u00e9lem au printemps prochain\u00a0, pr\u00e9cise-t-il.<\/p>\n<p><strong>LIRE AUSSI\u00a0:<\/strong> <a href=\"https:\/\/nantes.maville.com\/actu\/actudet_-municipales-2026.-une-liste-pour-donner-un-coup-de-barre-a-droite-et-un-nouveau-cap-pour-reze-_8-7047076_actu.Htm\" target=\"_blank\" rel=\"noopener\">Municipales 2026. Une liste pour donner un coup de barre \u00e0 droite et un \u00ab\u00a0nouveau cap pour Rez\u00e9\u00a0\u00bb<\/a><\/p>\n<p>Gratuit et ouvert \u00e0 tous<\/p>\n<p>L\u2019intervenant \u00e9voquera \u00e9galement l\u2019initiative de skippers qui rach\u00e8tent et r\u00e9utilisent des bateaux pour promouvoir une sobri\u00e9t\u00e9 performante, loin de la logique de surconsommation. Parce que l\u2019oc\u00e9an est un bien commun, chacun est invit\u00e9 \u00e0 prendre conscience de son r\u00f4le dans sa pr\u00e9servation.<\/p>\n<p>L\u2019\u00e9v\u00e9nement, gratuit et ouvert \u00e0 tous, se cl\u00f4turera autour d\u2019un petit-d\u00e9jeuner convivial avec viennoiseries et boissons chaudes et froides offertes.<\/p>\n<p>\u00a0<\/p>\n","protected":false},"excerpt":{"rendered":"Dans le cadre de ses Jeudis th\u00e9matiques, Rez\u00e9 Seniors re\u00e7oit Gauthier S\u00e9veno, m\u00e9diateur scientifique, qui va aborder la&hellip;\n","protected":false},"author":2,"featured_media":515369,"comment_status":"","ping_status":"","sticky":false,"template":"","format":"standard","meta":{"footnotes":""},"categories":[2818],"tags":[1111,11,1777,674,1011,27,3913,766,12,12687,2636,1800,3762,25,19604,63606],"class_list":{"0":"post-515368","1":"post","2":"type-post","3":"status-publish","4":"format-standard","5":"has-post-thumbnail","7":"category-nantes","8":"tag-actu","9":"tag-actualites","10":"tag-eu","11":"tag-europe","12":"tag-fr","13":"tag-france","14":"tag-jeune","15":"tag-nantes","16":"tag-news","17":"tag-oceans","18":"tag-pays-de-la-loire","19":"tag-pollution","20":"tag-pres","21":"tag-republique-francaise","22":"tag-scientifique","23":"tag-sensibilise"},"share_on_mastodon":{"url":"https:\/\/pubeurope.com\/@fr\/115501561545128833","error":""},"_links":{"self":[{"href":"https:\/\/www.europesays.com\/fr\/wp-json\/wp\/v2\/posts\/515368","targetHints":{"allow":["GET"]}}],"collection":[{"href":"https:\/\/www.europesays.com\/fr\/wp-json\/wp\/v2\/posts"}],"about":[{"href":"https:\/\/www.europesays.com\/fr\/wp-json\/wp\/v2\/types\/post"}],"author":[{"embeddable":true,"href":"https:\/\/www.europesays.com\/fr\/wp-json\/wp\/v2\/users\/2"}],"replies":[{"embeddable":true,"href":"https:\/\/www.europesays.com\/fr\/wp-json\/wp\/v2\/comments?post=515368"}],"version-history":[{"count":0,"href":"https:\/\/www.europesays.com\/fr\/wp-json\/wp\/v2\/posts\/515368\/revisions"}],"wp:featuredmedia":[{"embeddable":true,"href":"https:\/\/www.europesays.com\/fr\/wp-json\/wp\/v2\/media\/515369"}],"wp:attachment":[{"href":"https:\/\/www.europesays.com\/fr\/wp-json\/wp\/v2\/media?parent=515368"}],"wp:term":[{"taxonomy":"category","embeddable":true,"href":"https:\/\/www.europesays.com\/fr\/wp-json\/wp\/v2\/categories?post=515368"},{"taxonomy":"post_tag","embeddable":true,"href":"https:\/\/www.europesays.com\/fr\/wp-json\/wp\/v2\/tags?post=515368"}],"curies":[{"name":"wp","href":"https:\/\/api.w.org\/{rel}","templated":true}]}}