{"id":515374,"date":"2025-11-06T07:27:10","date_gmt":"2025-11-06T07:27:10","guid":{"rendered":"https:\/\/www.europesays.com\/fr\/515374\/"},"modified":"2025-11-06T07:27:10","modified_gmt":"2025-11-06T07:27:10","slug":"a-bordeaux-lopposition-denonce-lexplosion-de-la-dette-sous-la-mandature-ecologiste","status":"publish","type":"post","link":"https:\/\/www.europesays.com\/fr\/515374\/","title":{"rendered":"\u00e0 Bordeaux, l\u2019opposition d\u00e9nonce l\u2019explosion de la dette sous la mandature \u00e9cologiste"},"content":{"rendered":"<p>\n    Avec une moyenne de 115 millions d\u2019euros investis chaque ann\u00e9e \u00e0 Bordeaux, la majorit\u00e9 \u00e9cologiste de Pierre Hurmic devrait achever son mandat avec une dette 447,2 millions d\u2019euros, soit une hausse de 77% depuis 2019.<\/p>\n<p class=\"fig-paragraph\">Une ville a l\u2019interdiction de pr\u00e9senter un taux de d\u00e9sendettement sup\u00e9rieur \u00e0 12 ans. Un<a href=\"https:\/\/video.lefigaro.fr\/figaro\/bordeaux\/le-departement-de-gironde-menace-de-mise-sous-tutelle-par-letat-en-raison-de-son-lourd-deficit-budgetaire-20251013\" data-fig-type=\"Video\" data-gtm-custom-categorie=\"navigation\" data-gtm-custom-action=\"crossclick\" data-gtm-custom-label=\"Contextuel\" data-gtm-event=\"customEventSPE\" data-fig-domain=\"LEFIGARO\" target=\"_blank\" rel=\"noopener\">\u00a0seuil critique<\/a>\u00a0que la ville de\u00a0<a href=\"http:\/\/www.lefigaro.fr\/bordeaux\/l-heure-de-la-mobilisation-generale-thomas-cazenave-depute-renaissance-investi-par-horizons-pour-les-municipales-a-bordeaux-20251104\" data-fig-type=\"NewsFlash\" data-gtm-custom-categorie=\"navigation\" data-gtm-custom-action=\"crossclick\" data-gtm-custom-label=\"Contextuel\" data-gtm-event=\"customEventSPE\" data-fig-domain=\"LEFIGARO\" target=\"_blank\" rel=\"noopener\">Bordeaux<\/a>\u00a0devrait atteindre d\u00e8s 2028, avec un taux de d\u00e9sendettement \u00e0 11,7 ans, d\u2019apr\u00e8s le rapport d\u2019orientations budg\u00e9taires (Rob) pr\u00e9sent\u00e9e par la\u00a0<a href=\"http:\/\/www.lefigaro.fr\/bordeaux\/municipales-2026-s-il-n-est-pas-encore-candidat-le-maire-ecologiste-de-bordeaux-pierre-hurmic-a-pris-sa-decision-20250905\" data-fig-type=\"NewsFlash\" data-gtm-custom-categorie=\"navigation\" data-gtm-custom-action=\"crossclick\" data-gtm-custom-label=\"Contextuel\" data-gtm-event=\"customEventSPE\" data-fig-domain=\"LEFIGARO\" target=\"_blank\" rel=\"noopener\">majorit\u00e9 \u00e9cologiste<\/a>\u00a0en conseil municipal, ce mardi. \u00abNous avons investi en moyenne 115 millions d\u2019euros par an pour inscrire la ville dans l\u2019avenir, entretenir son patrimoine et faciliter la vie de nos concitoyens. Nous pouvons \u00eatre fiers\u00bb, d\u00e9fend Claudine Bichet, adjointe aux finances. \u00abLa ville de Bordeaux n\u2019est pas hors sol, poursuit le maire \u00e9cologiste sortant Pierre Hurmic. Nos soucis sont rencontr\u00e9s par toutes les grandes municipalit\u00e9s qui souffrent des baisses de dotations de l\u2019\u00c9tat qui nous mettent \u00e0 rude \u00e9preuve. Dans le projet de loi de finances 2026, les coupes pour Bordeaux sont estim\u00e9es entre 7,8 et 11 millions d\u2019euros.\u00bb Et la collectivit\u00e9 a d\u00e9j\u00e0 essuy\u00e9 une baisse des dotations \u00e9tatiques de 20 millions d\u2019euros en 2020 (crise covid), de 30 millions d\u2019euros en 2023 (crise \u00e9nerg\u00e9tique et inflation li\u00e9es \u00e0 la\u00a0<a href=\"http:\/\/www.lefigaro.fr\/international\/guerre-en-ukraine-l-armee-reconnait-pour-la-premiere-fois-des-combats-dans-le-centre-ville-de-pokrovsk-20251021\" data-fig-type=\"NewsFlash\" data-gtm-custom-categorie=\"navigation\" data-gtm-custom-action=\"crossclick\" data-gtm-custom-label=\"Contextuel\" data-gtm-event=\"customEventSPE\" data-fig-domain=\"LEFIGARO\" target=\"_blank\" rel=\"noopener\">guerre en Ukraine<\/a>) et de 13 millions d\u2019euros en 2024 (crise immobili\u00e8re et inflation).<\/p>\n<p class=\"fig-paragraph\">Des explications toutefois loin de satisfaire l\u2019opposition. \u00abMonsieur Hurmic, la v\u00e9rit\u00e9 c\u2019est que vous \u00eates le maire qui a fait exploser la dette. Arr\u00eatez de vous d\u00e9fausser sur le contexte national\u00bb, a tacl\u00e9 Fabien Robert (Modem), le copr\u00e9sident du groupe d\u2019opposition majoritaire, Bordeaux Ensemble, lors du conseil municipal. Tandis que Marik Fethouh, le pr\u00e9sident de la commission des finances, insistait\u00a0: \u00abNous sommes tr\u00e8s inquiets pour les capacit\u00e9s d\u2019investissement de vos successeurs, qui seront extr\u00eamement faibles.\u00bb Et pour cause\u00a0: en 2019*, un an avant l\u2019arriv\u00e9e au pouvoir des \u00e9cologistes \u00e0 Bordeaux, la dette \u00e9tait de 252,15 millions d\u2019euros, la capacit\u00e9 de d\u00e9sendettement de la collectivit\u00e9 territoriale de 3,9 ans et l\u2019\u00e9pargne nette s\u2019\u00e9levait \u00e0 31,3 millions d\u2019euros. Si la pand\u00e9mie du Covid-19 a naturellement plomb\u00e9 les finances locales bordelaises, ce sont ces deux derni\u00e8res ann\u00e9es que les courbes se sont affol\u00e9es. Apr\u00e8s 142 millions d\u2019euros d\u2019investissements en 2024, la dette s\u2019\u00e9tablit en 2025 \u00e0 409,1 millions d\u2019euros, soit une hausse de 62,21% depuis 2019, selon les chiffres pr\u00e9sent\u00e9s par la mairie de Bordeaux. Un bilan qui devrait encore se d\u00e9grader d\u2019ici la fin du mandat en 2026 pour atteindre 447,2 millions d\u2019euros de d\u00e9ficit. En 2028, les d\u00e9cisions prises par Pierre Hurmic devraient ainsi conduire la ville \u00e0 pr\u00e9senter le bilan financier suivant\u00a0: 512,4 millions d\u2019euros de dette, une incapacit\u00e9 \u00e0 emprunter en raison du seuil critique de la capacit\u00e9 de d\u00e9sendettement (11,8 ans) et 6,8 millions d\u2019euros d\u2019\u00e9pargne nette pour voir l\u2019avenir.<\/p>\n<p>                                    <a class=\"fig-a11y-skip a11y-hidden\" href=\"#fig-a11y-skip-main-inarticle\"><br \/>\n        Passer la publicit\u00e9<br \/>\n    <\/a><\/p>\n<p>\u00abCatastrophique\u00bb<\/p>\n<p class=\"fig-paragraph\">\u00abLa dette \u00e9cologique se paie comptant et doit se traduire par des choix assum\u00e9s. Ce n\u2019est pas de l\u2019argent gaspill\u00e9 quand il est d\u00e9pens\u00e9 pour faire avancer l\u2019avenir\u00bb, s\u2019est d\u00e9fendu l\u2019\u00e9cologiste Pierre Hurmic. Au c\u0153ur des d\u00e9penses r\u00e9alis\u00e9 par son \u00e9quipe\u00a0: 51 millions d\u2019euros pour la cr\u00e9ation de jardins et plantations d\u2019arbres en ville, 20,55 millions d\u2019euros pour r\u00e9habiliter le mus\u00e9e des arts d\u00e9coratifs et du design, 11, 6 millions d\u2019euros pour r\u00e9nover la basilique Saint-Michel ou encore 8,5 millions d\u2019euros d\u00e9bours\u00e9s pour construire des cours buissonni\u00e8res dans les \u00e9coles et les cr\u00e8ches.<\/p>\n<p class=\"fig-paragraph\">Une liste \u00e0 la Pr\u00e9vert qui n\u2019a pas suffi \u00e0 calmer les \u00e9lus d\u2019opposition. Ces derniers sont d\u2019autant plus \u00e9nerv\u00e9s, que contrairement aux us appliqu\u00e9s jusqu\u2019en 2023, ils n\u2019ont pas eu acc\u00e8s au plan pluriannuel d\u2019investissements d\u00e9taill\u00e9 cette ann\u00e9e. Le groupe Bordeaux Ensemble, qui le demande depuis des mois, a d\u00e9pos\u00e9 un recours aupr\u00e8s du tribunal administratif en f\u00e9vrier. \u00abVous engagez des d\u00e9penses, sans transparence ni d\u00e9bat. Quand c\u2019est flou, c\u2019est qu\u2019il y a un loup\u00bb, a accus\u00e9 Magali Fronzes. \u00abVous nous rapprochez dangereusement de la ligne rouge et malgr\u00e9 ses investissements massifs, o\u00f9 sont les r\u00e9sultats\u00a0?\u00bb, s\u2019est offusqu\u00e9e la s\u00e9natrice Nathalie Delattre.<\/p>\n<p class=\"fig-paragraph\">\u00c0 l\u2019heure o\u00f9 l\u2019aust\u00e9rit\u00e9 des finances publiques nationales annonce des jours difficiles pour les collectivit\u00e9s locales, l\u2019ancien ministre des comptes publics et d\u00e9put\u00e9 Thomas Cazenave sonne le tocsin. \u00abSix ann\u00e9es suppl\u00e9mentaires sous la direction de Pierre Hurmic seraient une catastrophe. Il n\u2019est pas trop tard, mais nous devrons faire des choix et stopper des projets, \u00e0 commencer par la r\u00e9novation des\u00a0<a href=\"http:\/\/www.lefigaro.fr\/bordeaux\/comment-les-allees-de-tourny-vitrine-du-centre-historique-de-bordeaux-vont-etre-transformees-d-ici-a-2027-20240627\" target=\"_blank\" data-fig-type=\"NewsFlash\" rel=\"noopener\" data-gtm-custom-categorie=\"navigation\" data-gtm-custom-action=\"crossclick\" data-gtm-custom-label=\"Contextuel\" data-gtm-event=\"customEventSPE\" data-fig-domain=\"LEFIGARO\">all\u00e9es de Tourny<\/a> \u00a0qui doit nous co\u00fbter 15 millions d\u2019euros.\u00bb Des d\u00e9bats que pourront trancher les Bordelais dans les urnes en mars 2026.<\/p>\n<p class=\"fig-paragraph\">*Pour limiter les effets de la crise du Covid, qui a d\u00e9but\u00e9 en 2020, sur les comparaisons entre les chiffres, l\u2019ann\u00e9e pr\u00e9c\u00e9dant le mandat a \u00e9t\u00e9 choisie comme ann\u00e9e de r\u00e9f\u00e9rence.\u00a0<\/p>\n","protected":false},"excerpt":{"rendered":"Avec une moyenne de 115 millions d\u2019euros investis chaque ann\u00e9e \u00e0 Bordeaux, la majorit\u00e9 \u00e9cologiste de Pierre Hurmic&hellip;\n","protected":false},"author":2,"featured_media":515375,"comment_status":"","ping_status":"","sticky":false,"template":"","format":"standard","meta":{"footnotes":""},"categories":[2817],"tags":[1111,11,1997,1777,674,1011,27,7372,3554,12,2219,316,25],"class_list":{"0":"post-515374","1":"post","2":"type-post","3":"status-publish","4":"format-standard","5":"has-post-thumbnail","7":"category-bordeaux","8":"tag-actu","9":"tag-actualites","10":"tag-bordeaux","11":"tag-eu","12":"tag-europe","13":"tag-fr","14":"tag-france","15":"tag-mairie-de-bordeaux","16":"tag-municipales","17":"tag-news","18":"tag-nouvelle-aquitaine","19":"tag-politique","20":"tag-republique-francaise"},"share_on_mastodon":{"url":"https:\/\/pubeurope.com\/@fr\/115501573400422505","error":""},"_links":{"self":[{"href":"https:\/\/www.europesays.com\/fr\/wp-json\/wp\/v2\/posts\/515374","targetHints":{"allow":["GET"]}}],"collection":[{"href":"https:\/\/www.europesays.com\/fr\/wp-json\/wp\/v2\/posts"}],"about":[{"href":"https:\/\/www.europesays.com\/fr\/wp-json\/wp\/v2\/types\/post"}],"author":[{"embeddable":true,"href":"https:\/\/www.europesays.com\/fr\/wp-json\/wp\/v2\/users\/2"}],"replies":[{"embeddable":true,"href":"https:\/\/www.europesays.com\/fr\/wp-json\/wp\/v2\/comments?post=515374"}],"version-history":[{"count":0,"href":"https:\/\/www.europesays.com\/fr\/wp-json\/wp\/v2\/posts\/515374\/revisions"}],"wp:featuredmedia":[{"embeddable":true,"href":"https:\/\/www.europesays.com\/fr\/wp-json\/wp\/v2\/media\/515375"}],"wp:attachment":[{"href":"https:\/\/www.europesays.com\/fr\/wp-json\/wp\/v2\/media?parent=515374"}],"wp:term":[{"taxonomy":"category","embeddable":true,"href":"https:\/\/www.europesays.com\/fr\/wp-json\/wp\/v2\/categories?post=515374"},{"taxonomy":"post_tag","embeddable":true,"href":"https:\/\/www.europesays.com\/fr\/wp-json\/wp\/v2\/tags?post=515374"}],"curies":[{"name":"wp","href":"https:\/\/api.w.org\/{rel}","templated":true}]}}