{"id":515386,"date":"2025-11-06T07:35:15","date_gmt":"2025-11-06T07:35:15","guid":{"rendered":"https:\/\/www.europesays.com\/fr\/515386\/"},"modified":"2025-11-06T07:35:15","modified_gmt":"2025-11-06T07:35:15","slug":"les-navettes-fluviales-une-reussite-mais-pas-une-alternative","status":"publish","type":"post","link":"https:\/\/www.europesays.com\/fr\/515386\/","title":{"rendered":"les navettes fluviales, une r\u00e9ussite mais pas une alternative"},"content":{"rendered":"<p>Sur la Sa\u00f4ne elle se font, certes, discr\u00e8tes entre les bateaux de croisi\u00e8res, les petits zodiacs sans permis et autres kayakistes motiv\u00e9s, mais elles semblent avoir d\u00e9j\u00e0 trouv\u00e9 leur place. En un peu plus de quatre mois, 120\u00a0000 voyages uniques ont \u00e9t\u00e9 effectu\u00e9s \u00e0 bord des deux navettes fluviales relanc\u00e9es par les \u00e9cologistes entre le quartier de l\u2019industrie \u00e0 Vaise, jusqu\u2019au centre de la Presqu\u2019\u00eele &#8211; tous les jours &#8211; et son extr\u00e9mit\u00e9 sud \u00e0 Confluence, pendant les vacances, mercredis et week-ends.<\/p>\n<p>Il faut remonter \u00e0 l\u2019\u00e9t\u00e9 1913, quand le commerce fluvial finissait de faire la richesse de Lyon, pour retrouver la trace d\u2019un transport en commun sur la rivi\u00e8re qui traverse la capitale des Gaules sur son flan occidental. <a href=\"https:\/\/www.google.com\/url?sa=t&amp;rct=j&amp;q=&amp;esrc=s&amp;source=web&amp;cd=&amp;cad=rja&amp;uact=8&amp;ved=2ahUKEwjm-7iS-diQAxUOOPsDHec_K_UQFnoECDEQAQ&amp;url=https%3A%2F%2Fwww.instagram.com%2Freel%2FDLDZhoEvuxG%2F&amp;usg=AOvVaw1cKq-6jFNdaQbHYKKebwky&amp;opi=89978449\" target=\"_blank\" rel=\"noopener\">Son lancement en juin<\/a>, sous un soleil de plomb, avait des airs de La croisi\u00e8re s\u2019amuse \u00e0 la lyonnaise\u00a0: dans le r\u00f4le du capitaine Stubing, tout sourire, <a href=\"https:\/\/www.leprogres.fr\/p\/bruno-bernard\" target=\"_blank\" rel=\"noopener\">Bruno Bernard<\/a> ; et <a href=\"https:\/\/www.leprogres.fr\/p\/gregory-doucet\" target=\"_blank\" rel=\"noopener\">Gr\u00e9gory Doucet<\/a> dans la peau du chef de cabine Gopher.<\/p>\n<p><strong>&gt;&gt;\u00a0<a href=\"https:\/\/www.leprogres.fr\/transport\/2025\/10\/20\/navettes-fluviales-sur-la-saone-les-catamarans-electriques-sont-arrives\" target=\"_blank\" rel=\"noopener\">Navettes fluviales sur la&#8230;<\/a><\/strong><\/p>\n<p>                        <script async src=\"\/\/www.instagram.com\/embed.js\"><\/script><\/p>\n","protected":false},"excerpt":{"rendered":"Sur la Sa\u00f4ne elle se font, certes, discr\u00e8tes entre les bateaux de croisi\u00e8res, les petits zodiacs sans permis&hellip;\n","protected":false},"author":2,"featured_media":515387,"comment_status":"","ping_status":"","sticky":false,"template":"","format":"standard","meta":{"footnotes":""},"categories":[1889],"tags":[1111,11,2430,2757,1777,674,107,1011,27,2428,2756,12,25,2429,10213,2803],"class_list":{"0":"post-515386","1":"post","2":"type-post","3":"status-publish","4":"format-standard","5":"has-post-thumbnail","7":"category-lyon","8":"tag-actu","9":"tag-actualites","10":"tag-auvergne-rhone-alpes","11":"tag-edition-lyon-villeurbanne","12":"tag-eu","13":"tag-europe","14":"tag-fil-info","15":"tag-fr","16":"tag-france","17":"tag-lyon","18":"tag-lyon-bassin","19":"tag-news","20":"tag-republique-francaise","21":"tag-rhone","22":"tag-tcl","23":"tag-transport"},"share_on_mastodon":{"url":"https:\/\/pubeurope.com\/@fr\/115501604775003181","error":""},"_links":{"self":[{"href":"https:\/\/www.europesays.com\/fr\/wp-json\/wp\/v2\/posts\/515386","targetHints":{"allow":["GET"]}}],"collection":[{"href":"https:\/\/www.europesays.com\/fr\/wp-json\/wp\/v2\/posts"}],"about":[{"href":"https:\/\/www.europesays.com\/fr\/wp-json\/wp\/v2\/types\/post"}],"author":[{"embeddable":true,"href":"https:\/\/www.europesays.com\/fr\/wp-json\/wp\/v2\/users\/2"}],"replies":[{"embeddable":true,"href":"https:\/\/www.europesays.com\/fr\/wp-json\/wp\/v2\/comments?post=515386"}],"version-history":[{"count":0,"href":"https:\/\/www.europesays.com\/fr\/wp-json\/wp\/v2\/posts\/515386\/revisions"}],"wp:featuredmedia":[{"embeddable":true,"href":"https:\/\/www.europesays.com\/fr\/wp-json\/wp\/v2\/media\/515387"}],"wp:attachment":[{"href":"https:\/\/www.europesays.com\/fr\/wp-json\/wp\/v2\/media?parent=515386"}],"wp:term":[{"taxonomy":"category","embeddable":true,"href":"https:\/\/www.europesays.com\/fr\/wp-json\/wp\/v2\/categories?post=515386"},{"taxonomy":"post_tag","embeddable":true,"href":"https:\/\/www.europesays.com\/fr\/wp-json\/wp\/v2\/tags?post=515386"}],"curies":[{"name":"wp","href":"https:\/\/api.w.org\/{rel}","templated":true}]}}