{"id":515388,"date":"2025-11-06T07:36:27","date_gmt":"2025-11-06T07:36:27","guid":{"rendered":"https:\/\/www.europesays.com\/fr\/515388\/"},"modified":"2025-11-06T07:36:27","modified_gmt":"2025-11-06T07:36:27","slug":"en-direct-rhone-info-trafic-trafic-dense-sur-la46-sud-et-la7-la-ligne-ter-lyon-bourg-toujours-perturbee","status":"publish","type":"post","link":"https:\/\/www.europesays.com\/fr\/515388\/","title":{"rendered":"En direct Rh\u00f4ne. Info trafic :\u00a0trafic dense sur l&rsquo;A46 sud et l&rsquo;A7, la ligne TER Lyon\/Bourg toujours perturb\u00e9e"},"content":{"rendered":"<p>Le trafic est dense. Il faut entre 10 et 15 minutes pour traverser les difficult\u00e9s du matin. Rien d&rsquo;inhabituel pour un jeudi matin.<\/p>\n<p>\u27a1\ufe0f L&rsquo;<strong>A46 sud<\/strong> est bien charg\u00e9e avec les poids lourds en transit, notamment \u00e0 hauteur de Mions.\u00a0<\/p>\n<p>\u27a1\ufe0f Sur l&rsquo;<strong>A47<\/strong> aussi \u00e7a coince un peu, au niveau de Givors, en direction de Lyon.\u00a0<\/p>\n<p>\u27a1\ufe0f Sur l&rsquo;<strong>A7<\/strong>,on compte pr\u00e8s de 6 kilom\u00e8tres de bouchons entre S\u00e9r\u00e9zin et Feyzin, en direction de Paris.\u00a0<\/p>\n<p>\u27a1\ufe0f De part et d&rsquo;autre du tunnel de Fourvi\u00e8re, sur les <strong>M6\/M7<\/strong>, il faudra \u00eatre patient.\u00a0<\/p>\n","protected":false},"excerpt":{"rendered":"Le trafic est dense. Il faut entre 10 et 15 minutes pour traverser les difficult\u00e9s du matin. Rien&hellip;\n","protected":false},"author":2,"featured_media":515389,"comment_status":"","ping_status":"","sticky":false,"template":"","format":"standard","meta":{"footnotes":""},"categories":[1889],"tags":[1111,11,2430,3542,3152,2757,3153,3155,3156,1777,674,107,1011,27,2428,12,25,2429,2803],"class_list":{"0":"post-515388","1":"post","2":"type-post","3":"status-publish","4":"format-standard","5":"has-post-thumbnail","7":"category-lyon","8":"tag-actu","9":"tag-actualites","10":"tag-auvergne-rhone-alpes","11":"tag-circulation","12":"tag-edition-est-lyonnais","13":"tag-edition-lyon-villeurbanne","14":"tag-edition-ouest-lyonnais","15":"tag-edition-tarare","16":"tag-edition-villefranche","17":"tag-eu","18":"tag-europe","19":"tag-fil-info","20":"tag-fr","21":"tag-france","22":"tag-lyon","23":"tag-news","24":"tag-republique-francaise","25":"tag-rhone","26":"tag-transport"},"share_on_mastodon":{"url":"https:\/\/pubeurope.com\/@fr\/115501608653744726","error":""},"_links":{"self":[{"href":"https:\/\/www.europesays.com\/fr\/wp-json\/wp\/v2\/posts\/515388","targetHints":{"allow":["GET"]}}],"collection":[{"href":"https:\/\/www.europesays.com\/fr\/wp-json\/wp\/v2\/posts"}],"about":[{"href":"https:\/\/www.europesays.com\/fr\/wp-json\/wp\/v2\/types\/post"}],"author":[{"embeddable":true,"href":"https:\/\/www.europesays.com\/fr\/wp-json\/wp\/v2\/users\/2"}],"replies":[{"embeddable":true,"href":"https:\/\/www.europesays.com\/fr\/wp-json\/wp\/v2\/comments?post=515388"}],"version-history":[{"count":0,"href":"https:\/\/www.europesays.com\/fr\/wp-json\/wp\/v2\/posts\/515388\/revisions"}],"wp:featuredmedia":[{"embeddable":true,"href":"https:\/\/www.europesays.com\/fr\/wp-json\/wp\/v2\/media\/515389"}],"wp:attachment":[{"href":"https:\/\/www.europesays.com\/fr\/wp-json\/wp\/v2\/media?parent=515388"}],"wp:term":[{"taxonomy":"category","embeddable":true,"href":"https:\/\/www.europesays.com\/fr\/wp-json\/wp\/v2\/categories?post=515388"},{"taxonomy":"post_tag","embeddable":true,"href":"https:\/\/www.europesays.com\/fr\/wp-json\/wp\/v2\/tags?post=515388"}],"curies":[{"name":"wp","href":"https:\/\/api.w.org\/{rel}","templated":true}]}}