{"id":515392,"date":"2025-11-06T07:39:12","date_gmt":"2025-11-06T07:39:12","guid":{"rendered":"https:\/\/www.europesays.com\/fr\/515392\/"},"modified":"2025-11-06T07:39:12","modified_gmt":"2025-11-06T07:39:12","slug":"les-valeurs-a-suivre-a-paris-et-en-europe-06-11-2025-a-0810","status":"publish","type":"post","link":"https:\/\/www.europesays.com\/fr\/515392\/","title":{"rendered":"Les valeurs \u00e0 suivre \u00e0 Paris et en Europe &#8211; 06\/11\/2025 \u00e0 08:10"},"content":{"rendered":"<p>\n * AIR FRANCE-KML<br \/>\n <a href=\"https:\/\/www.boursorama.com\/cours\/1rPAF\/\" target=\"_blank\" rel=\"noopener\"><br \/>\n  AIRF.PA<br \/>\n <\/a><br \/>\n a fait \u00e9tat jeudi de r\u00e9sultats en ligne avec les attentes du march\u00e9 et a confirm\u00e9 ses objectifs annuels malgr\u00e9 la hausse des co\u00fbts et les d\u00e9fis auxquels est confront\u00e9 KLM.\n<\/p>\n<p>\n * VEOLIA<br \/>\n <a href=\"https:\/\/www.boursorama.com\/cours\/1rPVIE\/\" target=\"_blank\" rel=\"noopener\"><br \/>\n  VIE.PA<br \/>\n <\/a><br \/>\n a annonc\u00e9 jeudi une hausse de 5,4% sur un an \u00e0 p\u00e9rim\u00e8tre et change constants de son Ebitda \u00e0 neuf mois, qui a atteint 5,08 milliards d&rsquo;euros, le groupe citant la croissance du chiffre d&rsquo;affaires et l&rsquo;efficacit\u00e9 et des synergies, tout en confirmant ses objectifs annuels.\n<\/p>\n<p>\n * SOLVAY<br \/>\n <a href=\"https:\/\/www.boursorama.com\/cours\/FF11-SOLB\/\" target=\"_blank\" rel=\"noopener\"><br \/>\n  SOLB.BR<br \/>\n <\/a><br \/>\n a fait \u00e9tat jeudi d&rsquo;un Ebitda sous-jacent pour le troisi\u00e8me trimestre sup\u00e9rieur aux attentes, port\u00e9 par la vente de droits d&rsquo;\u00e9mission de CO2 exc\u00e9dentaires, alors que le groupe chimique optimise son portefeuille dans le cadre de projets de transition \u00e9nerg\u00e9tique et de faibles niveaux de production en Europe.\n<\/p>\n<p>\n * WORLDLINE<br \/>\n <a href=\"https:\/\/www.boursorama.com\/cours\/1rPWLN\/\" target=\"_blank\" rel=\"noopener\"><br \/>\n  WLN.PA<br \/>\n <\/a><br \/>\n a annonc\u00e9 jeudi anticiper une croissance annuelle moyenne de son chiffre d&rsquo;affaires d&rsquo;environ 4% sur la p\u00e9riode 2027-2030, le groupe d\u00e9voilant ce jour son plan \u00ab\u00a0North Star 2030\u00a0\u00bb \u00e0 l&rsquo;occasion de sa journ\u00e9e investisseurs. Worldline dit par ailleurs envisager une augmentation de capital de 500 milllions d&rsquo;euros.\n<\/p>\n<p>\n * LEGRAND<br \/>\n <a href=\"https:\/\/www.boursorama.com\/cours\/1rPLR\/\" target=\"_blank\" rel=\"noopener\"><br \/>\n  LEGD.PA<br \/>\n <\/a><br \/>\n a fait \u00e9tat jeudi d&rsquo;un r\u00e9sultat op\u00e9rationnel ajust\u00e9 en hausse de 13,1% sur les neuf premiers mois de l&rsquo;ann\u00e9e, \u00e0 1,444 milliards d&rsquo;euros, tout en confirmant ses objectifs annuels.\n<\/p>\n<p>\n * EURAZEO<br \/>\n <a href=\"https:\/\/www.boursorama.com\/cours\/1rPRF\/\" target=\"_blank\" rel=\"noopener\"><br \/>\n  EURA.PA<br \/>\n <\/a><br \/>\n a fait \u00e9tat jeudi d&rsquo;actifs sous gestion (AUM) en hausse de 5% sur les neuf premiers mois de l&rsquo;ann\u00e9e, \u00e0 37,4 milliards d&rsquo;euros.\n<\/p>\n<p>\n * SES<br \/>\n <a href=\"https:\/\/www.boursorama.com\/cours\/1rPSESG\/\" target=\"_blank\" rel=\"noopener\"><br \/>\n  SESFd.PA<br \/>\n <\/a><br \/>\n a annonc\u00e9 jeudi que son chiffre d&rsquo;affaires annuel devrait se situer entre 2,60 et 2,70 milliards d&rsquo;euros, tandis que son Ebitda ajust\u00e9 est attendu entre 1,17 et 1,21 milliard d&rsquo;euros.\n<\/p>\n<p>\n * TP (ex-Teleperformance)<br \/>\n <a href=\"https:\/\/www.boursorama.com\/cours\/1rPTEP\/\" target=\"_blank\" rel=\"noopener\"><br \/>\n  TEPRF.PA<br \/>\n <\/a><br \/>\n a abaiss\u00e9 mercredi ses perspectives annuelles, citant un contexte commercial de plus en plus volatil affectant ses derni\u00e8res pr\u00e9visions d&rsquo;activit\u00e9.\n<\/p>\n<p>\n * ELIS<br \/>\n <a href=\"https:\/\/www.boursorama.com\/cours\/1rPELIS\/\" target=\"_blank\" rel=\"noopener\"><br \/>\n  ELIS.PA<br \/>\n <\/a><br \/>\n a annonc\u00e9 mercredi avoir renforc\u00e9 sa pr\u00e9sence au br\u00e9sil avec l&rsquo;acquisition d&rsquo;Acquaflash pour un montant non d\u00e9voil\u00e9.\n<\/p>\n<p>\n * ARCELORMITTAL<br \/>\n <a href=\"https:\/\/www.boursorama.com\/cours\/1rAMT\/\" target=\"_blank\" rel=\"noopener\"><br \/>\n  MT.LU<br \/>\n <\/a><br \/>\n a fait \u00e9tat jeudi d&rsquo;un Ebitda trimestriel l\u00e9g\u00e8rement sup\u00e9rieur aux attentes pour le troisi\u00e8me trimestre, \u00e0 1,51 milliard de dollars (1,29 milliard d&rsquo;euros), et a d\u00e9clar\u00e9 rester optimiste pour 2026 malgr\u00e9 \u00ab\u00a0des conditions de march\u00e9 difficiles\u00a0\u00bb.\n<\/p>\n<p>\n * VOLVO CAR\u00a0a annonc\u00e9 jeudi qu&rsquo;il ciblait une marge b\u00e9n\u00e9ficiaire d&rsquo;exploitation \u00e0 long terme sup\u00e9rieure \u00e0 8%, dans le cadre d&rsquo;une refonte de sa strat\u00e9gie visant \u00e0 g\u00e9n\u00e9rer des flux de tr\u00e9sorerie positifs solides et une croissance gr\u00e2ce \u00e0 l&rsquo;\u00e9lectrification.\n<\/p>\n<p>\n * COMMERZBANK<br \/>\n <a href=\"https:\/\/www.boursorama.com\/cours\/1zCBK\/\" target=\"_blank\" rel=\"noopener\"><br \/>\n  CBKG.DE<br \/>\n <\/a><br \/>\n &#8211; La banque allemande a d\u00e9clar\u00e9 jeudi que son b\u00e9n\u00e9fice net a chut\u00e9 de 7,9% au troisi\u00e8me trimestre, une performance inattendue alors que les analystes attendaient une augmentation du b\u00e9n\u00e9fice.\n<\/p>\n<p>\n * CONTINENTAL<br \/>\n <a href=\"https:\/\/www.boursorama.com\/cours\/1zCON\/\" target=\"_blank\" rel=\"noopener\"><br \/>\n  CONG.DE<br \/>\n <\/a><br \/>\n &#8211; Le fournisseur automobile allemand a annonc\u00e9 jeudi une perte nette au troisi\u00e8me trimestre en raison de co\u00fbts exceptionnels de 1,1 milliard d&rsquo;euros li\u00e9s \u00e0 la restructuration, alors que l&rsquo;\u00e9quipementier automobile allemand se s\u00e9pare de ses activit\u00e9s pour devenir une entreprise sp\u00e9cialis\u00e9e dans les pneus.\n<\/p>\n<p>\n * ZALANDO<br \/>\n <a href=\"https:\/\/www.boursorama.com\/cours\/1zZAL\/\" target=\"_blank\" rel=\"noopener\"><br \/>\n  ZALG.DE<br \/>\n <\/a><br \/>\n &#8211; La plateforme de vente en ligne de mode a publi\u00e9 jeudi une hausse de 21,6% de son volume brut de marchandises au troisi\u00e8me trimestre, principalement due \u00e0 l&rsquo;int\u00e9gration dans cette p\u00e9riode de son activit\u00e9 About You r\u00e9cemment acquise.\n<\/p>\n<p>\n * SYENSQO<br \/>\n <a href=\"https:\/\/www.boursorama.com\/cours\/FF11-SYENS\/\" target=\"_blank\" rel=\"noopener\"><br \/>\n  SYENS.BR<br \/>\n <\/a><br \/>\n &#8211; Le groupe chimique belge a abaiss\u00e9 jeudi sa pr\u00e9vision de b\u00e9n\u00e9fice pour 2025, invoquant les inqui\u00e9tudes \u00e9conomiques persistantes et la faiblesse de la demande sur la plupart de ses march\u00e9s, en raison des droits de douane et de la situation g\u00e9opolitique.\n<\/p>\n<p>\n * LANXESS<br \/>\n <a href=\"https:\/\/www.boursorama.com\/cours\/1zLXS\/\" target=\"_blank\" rel=\"noopener\"><br \/>\n  LXSG.DE<br \/>\n <\/a><br \/>\n &#8211; Le fabricant de produits chimiques sp\u00e9cialis\u00e9s a annonc\u00e9 jeudi une baisse de 16,3% de son chiffre d&rsquo;affaires trimestriel, plus forte que pr\u00e9vu, et a d\u00e9clar\u00e9 que son b\u00e9n\u00e9fice de base pour 2025 se situerait dans la fourchette basse de ses pr\u00e9visions.\n<\/p>\n<p>\n * HEIDELBERG MATERIALS<br \/>\n <a href=\"https:\/\/www.boursorama.com\/cours\/1zHEI\/\" target=\"_blank\" rel=\"noopener\"><br \/>\n  HEIG.DE<br \/>\n <\/a><br \/>\n &#8211; Le deuxi\u00e8me cimentier mondial a publi\u00e9 jeudi un b\u00e9n\u00e9fice d&rsquo;exploitation l\u00e9g\u00e8rement sup\u00e9rieur aux pr\u00e9visions pour le troisi\u00e8me trimestre, invoquant une r\u00e9duction des co\u00fbts et une augmentation des prix.\n<\/p>\n<p>\n * DHL<br \/>\n <a href=\"https:\/\/www.boursorama.com\/cours\/1zDHL\/\" target=\"_blank\" rel=\"noopener\"><br \/>\n  DHLn.DE<br \/>\n <\/a><br \/>\n &#8211; Le g\u00e9ant allemand de la logistique a publi\u00e9 jeudi un b\u00e9n\u00e9fice d&rsquo;exploitation sup\u00e9rieur aux pr\u00e9visions pour le troisi\u00e8me trimestre, des am\u00e9liorations structurelles des co\u00fbts et des ajustements de prix lui ayant ont permis de faire face \u00e0 un environnement \u00e9conomique instable.\n<\/p>\n<p>\n * SWISSCOM<br \/>\n <a href=\"https:\/\/www.boursorama.com\/cours\/2aSCMN\/\" target=\"_blank\" rel=\"noopener\"><br \/>\n  SCMN.S<br \/>\n <\/a><br \/>\n &#8211; Le groupe de t\u00e9l\u00e9communications a annonc\u00e9 jeudi une hausse de son b\u00e9n\u00e9fice net sur neuf mois, port\u00e9 par l&rsquo;acquisition de Vodafone Italia conclue en janvier.\n<\/p>\n<p>\n * SANTANDER<br \/>\n <a href=\"https:\/\/www.boursorama.com\/cours\/FF55-SAN\/\" target=\"_blank\" rel=\"noopener\"><br \/>\n  SAN.MC<br \/>\n <\/a><br \/>\n &#8211; La banque espagnole s&rsquo;appr\u00eate \u00e0 nommer un membre de son personnel \u00e0 la t\u00eate de ses activit\u00e9s britanniques, a rapport\u00e9 jeudi le Financial Times, citant des sources proches du dossier. Les candidats pr\u00e9s\u00e9lectionn\u00e9s pour remplacer Mike Regnier, qui quittera ses fonctions au premier trimestre 2026, comprennent Mahesh Aditya, actuel directeur des risques du groupe, et Enrique Alvarez Labiano, directeur de la banque de d\u00e9tail et d&rsquo;affaires au Royaume-Uni.\n<\/p>\n<p>\n (R\u00e9dig\u00e9 par Claude Chendjou et Diana Mandia)<\/p>\n","protected":false},"excerpt":{"rendered":"* AIR FRANCE-KML AIRF.PA a fait \u00e9tat jeudi de r\u00e9sultats en ligne avec les attentes du march\u00e9 et&hellip;\n","protected":false},"author":2,"featured_media":481458,"comment_status":"","ping_status":"","sticky":false,"template":"","format":"standard","meta":{"footnotes":""},"categories":[1888],"tags":[400,1111,1928,11,1927,398,408,405,1777,674,1011,27,403,402,399,404,12,1926,626,1925,25,401,406,407],"class_list":{"0":"post-515392","1":"post","2":"type-post","3":"status-publish","4":"format-standard","5":"has-post-thumbnail","7":"category-paris","8":"tag-action-cac-40","9":"tag-actu","10":"tag-actu-paris","11":"tag-actualites","12":"tag-actualites-paris","13":"tag-bourse-de-paris","14":"tag-boursorama","15":"tag-cotations","16":"tag-eu","17":"tag-europe","18":"tag-fr","19":"tag-france","20":"tag-indices-devises","21":"tag-investir","22":"tag-investissement","23":"tag-marche-boursier","24":"tag-news","25":"tag-news-paris","26":"tag-paris","27":"tag-paris-news","28":"tag-republique-francaise","29":"tag-sicav","30":"tag-trackers","31":"tag-warrants"},"share_on_mastodon":{"url":"https:\/\/pubeurope.com\/@fr\/115501620572494429","error":""},"_links":{"self":[{"href":"https:\/\/www.europesays.com\/fr\/wp-json\/wp\/v2\/posts\/515392","targetHints":{"allow":["GET"]}}],"collection":[{"href":"https:\/\/www.europesays.com\/fr\/wp-json\/wp\/v2\/posts"}],"about":[{"href":"https:\/\/www.europesays.com\/fr\/wp-json\/wp\/v2\/types\/post"}],"author":[{"embeddable":true,"href":"https:\/\/www.europesays.com\/fr\/wp-json\/wp\/v2\/users\/2"}],"replies":[{"embeddable":true,"href":"https:\/\/www.europesays.com\/fr\/wp-json\/wp\/v2\/comments?post=515392"}],"version-history":[{"count":0,"href":"https:\/\/www.europesays.com\/fr\/wp-json\/wp\/v2\/posts\/515392\/revisions"}],"wp:featuredmedia":[{"embeddable":true,"href":"https:\/\/www.europesays.com\/fr\/wp-json\/wp\/v2\/media\/481458"}],"wp:attachment":[{"href":"https:\/\/www.europesays.com\/fr\/wp-json\/wp\/v2\/media?parent=515392"}],"wp:term":[{"taxonomy":"category","embeddable":true,"href":"https:\/\/www.europesays.com\/fr\/wp-json\/wp\/v2\/categories?post=515392"},{"taxonomy":"post_tag","embeddable":true,"href":"https:\/\/www.europesays.com\/fr\/wp-json\/wp\/v2\/tags?post=515392"}],"curies":[{"name":"wp","href":"https:\/\/api.w.org\/{rel}","templated":true}]}}