{"id":515395,"date":"2025-11-06T07:41:13","date_gmt":"2025-11-06T07:41:13","guid":{"rendered":"https:\/\/www.europesays.com\/fr\/515395\/"},"modified":"2025-11-06T07:41:13","modified_gmt":"2025-11-06T07:41:13","slug":"dix-ans-du-13-novembre-bougies-fleurs-les-parisiens-invites-a-se-recueillir-place-de-la-republique","status":"publish","type":"post","link":"https:\/\/www.europesays.com\/fr\/515395\/","title":{"rendered":"Dix ans du 13\u00a0Novembre\u00a0: bougies, fleurs\u2026 Les Parisiens invit\u00e9s \u00e0 se recueillir place de la R\u00e9publique"},"content":{"rendered":"<p class=\"paragraph text_align_left lp-f-body-02\">La c\u00e9r\u00e9monie d\u2019hommage aux 132 morts des <a href=\"https:\/\/www.leparisien.fr\/faits-divers\/attentats-du-13-novembre-2015\/\" target=\"_self\" rel=\"nofollow noopener\">attentats du 13 novembre 2015<\/a> au Stade de France, sur les terrasses parisiennes et au Bataclan se tiendra jeudi prochain. Cette comm\u00e9moration d\u00e9di\u00e9e aux victimes, \u00e0 leurs proches et aux survivants aura lieu sur la place Saint-Gervais o\u00f9 sera inaugur\u00e9 le jour m\u00eame un <a href=\"https:\/\/www.leparisien.fr\/paris-75\/paris-le-jardin-du-souvenir-des-attentats-du-13-novembre-sera-inaugure-au-printemps-2025-07-11-2024-PDGCDSJNGZFQFL3H66MGYZNJZQ.php\" target=\"_blank\" rel=\"noreferrer nofollow noopener\">jardin m\u00e9moriel<\/a>.<\/p>\n<p class=\"paragraph text_align_left lp-f-body-02\"><a href=\"https:\/\/www.leparisien.fr\/culture-loisirs\/10-ans-du-13-novembre-un-grand-hommage-musical-un-requiem-de-victor-le-masnece-qui-est-prevu-a-paris-17-10-2025-A2HG7RI5C5H3BLUQ6XEXBPPVBU.php\" target=\"_self\" rel=\"nofollow noopener\">Une c\u00e9r\u00e9monie dirig\u00e9e par Thierry Reboul <\/a>qui sera retransmise sur un \u00e9cran g\u00e9ant place de la R\u00e9publique, lieu symbole des rassemblements qui ont eu lieu apr\u00e8s les drames il y a dix ans. Mais d\u00e8s ce samedi, la Ville de Paris invite chaque citoyen \u00e0 se recueillir sur place et \u00e0 d\u00e9poser une bougie, des fleurs ou un mot au pied de la statue. Une fa\u00e7on de r\u00e9pondre \u00e0 l\u2019envie du plus grand nombre de participer \u00e0 ce moment de recueillement.<\/p>\n<p class=\"paragraph text_align_left lp-f-body-02\">Une exposition de photos intitul\u00e9e \u00ab 13 novembre 2015, Paris se souvient \u00bb sera \u00e9galement install\u00e9e sur la place. Elle est constitu\u00e9e de clich\u00e9s r\u00e9alis\u00e9s les jours suivant les attentats pour mettre en avant les \u00e9lans de solidarit\u00e9 et de fraternit\u00e9 ayant suivi les drames. Deux autres expositions ont lieu aux Archives de Paris et au mus\u00e9e Carnavalet ainsi que la programmation itin\u00e9rante de la pi\u00e8ce \u00ab Les consolantes \u00bb qui met en sc\u00e8ne des <a href=\"https:\/\/www.leparisien.fr\/societe\/sante\/le-cerveau-a-le-droit-doublier-au-coeur-du-programme-qui-aide-les-rescapes-du-13-novembre-a-repousser-les-souvenirs-des-attentats-03-11-2025-3ZBIEFCCNRBB3KSIA5VQ7UMGPY.php\" target=\"_self\" rel=\"nofollow noopener\">t\u00e9moignages de t\u00e9moins des attentats<\/a>.<\/p>\n<p>Un concert au Th\u00e9\u00e2tre des Champs-\u00c9lys\u00e9es<\/p>\n<p class=\"paragraph text_align_left lp-f-body-02\">Dimanche, l\u2019arriv\u00e9e d\u2019une une course \u00e0 pied sur deux parcours, l\u2019un depuis le Stade de France et l\u2019autre depuis la place de la R\u00e9publique, sera jug\u00e9e sur le parvis de l\u2019h\u00f4tel de ville.<\/p>\n<p class=\"paragraph text_align_left lp-f-body-02\">Le soir du 13 novembre, un concert sera donn\u00e9 au Th\u00e9\u00e2tre des Champs-\u00c9lys\u00e9es. Il y sera notamment jou\u00e9 \u00ab Tout a commenc\u00e9 le 13 novembre 2015\u2026 \u00bb, un po\u00e8me symphonique command\u00e9 par <a href=\"https:\/\/www.leparisien.fr\/culture-loisirs\/musique\/attentats-du-13-novembre-la-mere-d-une-victime-commande-une-oeuvre-symphonique-13-11-2020-8408125.php\" target=\"_blank\" rel=\"noreferrer nofollow noopener\">Louise Albertini<\/a>, la m\u00e8re d\u2019une des victimes du Bataclan.<\/p>\n","protected":false},"excerpt":{"rendered":"La c\u00e9r\u00e9monie d\u2019hommage aux 132 morts des attentats du 13 novembre 2015 au Stade de France, sur les&hellip;\n","protected":false},"author":2,"featured_media":515396,"comment_status":"","ping_status":"","sticky":false,"template":"","format":"standard","meta":{"footnotes":""},"categories":[1888],"tags":[11,1777,674,1011,27,1944,12,626,25],"class_list":{"0":"post-515395","1":"post","2":"type-post","3":"status-publish","4":"format-standard","5":"has-post-thumbnail","7":"category-paris","8":"tag-actualites","9":"tag-eu","10":"tag-europe","11":"tag-fr","12":"tag-france","13":"tag-ma-ville","14":"tag-news","15":"tag-paris","16":"tag-republique-francaise"},"share_on_mastodon":{"url":"https:\/\/pubeurope.com\/@fr\/115501628405398904","error":""},"_links":{"self":[{"href":"https:\/\/www.europesays.com\/fr\/wp-json\/wp\/v2\/posts\/515395","targetHints":{"allow":["GET"]}}],"collection":[{"href":"https:\/\/www.europesays.com\/fr\/wp-json\/wp\/v2\/posts"}],"about":[{"href":"https:\/\/www.europesays.com\/fr\/wp-json\/wp\/v2\/types\/post"}],"author":[{"embeddable":true,"href":"https:\/\/www.europesays.com\/fr\/wp-json\/wp\/v2\/users\/2"}],"replies":[{"embeddable":true,"href":"https:\/\/www.europesays.com\/fr\/wp-json\/wp\/v2\/comments?post=515395"}],"version-history":[{"count":0,"href":"https:\/\/www.europesays.com\/fr\/wp-json\/wp\/v2\/posts\/515395\/revisions"}],"wp:featuredmedia":[{"embeddable":true,"href":"https:\/\/www.europesays.com\/fr\/wp-json\/wp\/v2\/media\/515396"}],"wp:attachment":[{"href":"https:\/\/www.europesays.com\/fr\/wp-json\/wp\/v2\/media?parent=515395"}],"wp:term":[{"taxonomy":"category","embeddable":true,"href":"https:\/\/www.europesays.com\/fr\/wp-json\/wp\/v2\/categories?post=515395"},{"taxonomy":"post_tag","embeddable":true,"href":"https:\/\/www.europesays.com\/fr\/wp-json\/wp\/v2\/tags?post=515395"}],"curies":[{"name":"wp","href":"https:\/\/api.w.org\/{rel}","templated":true}]}}