{"id":515407,"date":"2025-11-06T07:47:11","date_gmt":"2025-11-06T07:47:11","guid":{"rendered":"https:\/\/www.europesays.com\/fr\/515407\/"},"modified":"2025-11-06T07:47:11","modified_gmt":"2025-11-06T07:47:11","slug":"lallemagne-penalise-la-chaine-dapprovisionnement-des-stocks-gaziers-europeens","status":"publish","type":"post","link":"https:\/\/www.europesays.com\/fr\/515407\/","title":{"rendered":"L&rsquo;Allemagne P\u00e9nalise La Cha\u00eene D&rsquo;approvisionnement Des Stocks Gaziers Europ\u00e9ens"},"content":{"rendered":"<p>\n\t\t\t\t\tLa hausse continue de la production \u00e9lectrique \u00e0 base de gaz naturel en Allemagne ralentit le remplissage des r\u00e9serves europ\u00e9ennes, \u00e0 un moment critique pour la stabilit\u00e9 du march\u00e9 \u00e9nerg\u00e9tique r\u00e9gional avant l\u2019hiver.\t\t\t\t<\/p>\n<p>La consommation de gaz naturel pour la production d\u2019\u00e9lectricit\u00e9 en Allemagne a atteint son niveau le plus \u00e9lev\u00e9 depuis 2021, compliquant la reconstitution des r\u00e9serves de gaz sur le continent. Cette tendance fragilise la s\u00e9curit\u00e9 d\u2019approvisionnement r\u00e9gionale alors que la demande saisonni\u00e8re s\u2019appr\u00eate \u00e0 culminer.<\/p>\n<p>Le recul des \u00e9nergies renouvelables alimente la demande de gaz<\/p>\n<p>Selon les donn\u00e9es de London Stock Exchange Group (LSEG), la production \u00e9lectrique allemande issue de centrales \u00e0 gaz a totalis\u00e9 41,6 t\u00e9rawattheures entre janvier et octobre 2025, soit une hausse de 15 % par rapport \u00e0 la m\u00eame p\u00e9riode en 2024. Cette progression r\u00e9sulte principalement d\u2019une baisse prolong\u00e9e de la production issue de l\u2019\u00e9olien et de l\u2019hydro\u00e9lectricit\u00e9, en raison de conditions climatiques peu favorables.<\/p>\n<p>La part du gaz dans le mix \u00e9nerg\u00e9tique national s\u2019est \u00e9tablie \u00e0 19 % sur les dix premiers mois de l\u2019ann\u00e9e, contre 15 % en 2022. L\u2019Allemagne, anciennement principal importateur de gaz russe, a partiellement compens\u00e9 la perte de cet approvisionnement par des importations accrues de gaz naturel liqu\u00e9fi\u00e9 (GNL), \u00e0 un co\u00fbt plus \u00e9lev\u00e9.<\/p>\n<p>Des stocks insuffisants pour la p\u00e9riode hivernale<\/p>\n<p>Les r\u00e9servoirs de stockage allemands sont actuellement remplis \u00e0 hauteur de 86 %, un niveau inf\u00e9rieur \u00e0 la moyenne des trois derni\u00e8res ann\u00e9es, qui s\u2019\u00e9tablissait \u00e0 108 % \u00e0 la m\u00eame p\u00e9riode. Cette faiblesse p\u00e8se sur l\u2019ensemble de l\u2019Union europ\u00e9enne, l\u2019Allemagne repr\u00e9sentant pr\u00e8s d\u2019un quart de la capacit\u00e9 de stockage de gaz du continent.<\/p>\n<p>\u00c0 l\u2019\u00e9chelle europ\u00e9enne, les r\u00e9serves atteignent seulement 83 %, contre une moyenne de 96,5 % \u00e0 ce stade de l\u2019ann\u00e9e depuis 2022. Ce d\u00e9ficit pourrait amplifier la volatilit\u00e9 des prix sur le march\u00e9 de l\u2019\u00e9lectricit\u00e9 si la demande d\u00e9passe les capacit\u00e9s de production actuelles.<\/p>\n<p>Des pr\u00e9visions d\u00e9favorables pour l\u2019\u00e9olien en novembre<\/p>\n<p>Les projections de LSEG anticipent une production \u00e9olienne inf\u00e9rieure de 45 % \u00e0 la normale jusqu\u2019au 18 novembre. Cette tendance augmente la probabilit\u00e9 d\u2019un recours prolong\u00e9 au gaz, en l\u2019absence d\u2019un soutien renouvelable suffisant pour r\u00e9pondre \u00e0 la demande de pointe hivernale.<\/p>\n<p>La production \u00e9olienne sur les dix premiers mois de 2025 a diminu\u00e9 de 4 % par rapport \u00e0 l\u2019ann\u00e9e pr\u00e9c\u00e9dente. Dans le m\u00eame temps, la production combin\u00e9e des installations \u00e9oliennes et hydro\u00e9lectriques a recul\u00e9 de 7 %, atteignant son plus bas niveau depuis 2022.<\/p>\n<p>Une pression persistante sur les importations gazi\u00e8res<\/p>\n<p>Pour compenser la faiblesse de l\u2019offre renouvelable, les producteurs allemands ont \u00e9galement accru le recours au charbon, dont la production a augment\u00e9 de 4 % sur un an. L\u2019ensemble de la production issue des \u00e9nergies fossiles a progress\u00e9 de 6 %, selon les relev\u00e9s de LSEG.<\/p>\n<p>Bien que les pr\u00e9visions \u00e0 long terme sugg\u00e8rent un retour progressif \u00e0 des niveaux moyens de production \u00e9olienne d\u2019ici le printemps 2026, l\u2019incertitude demeure sur la capacit\u00e9 du parc renouvelable \u00e0 stabiliser l\u2019offre \u00e9nerg\u00e9tique. Une nouvelle p\u00e9riode prolong\u00e9e de faible production \u00e9olienne pourrait contraindre les op\u00e9rateurs \u00e0 puiser davantage dans les r\u00e9serves de gaz, accentuant les tensions sur le march\u00e9.<\/p>\n","protected":false},"excerpt":{"rendered":"La hausse continue de la production \u00e9lectrique \u00e0 base de gaz naturel en Allemagne ralentit le remplissage des&hellip;\n","protected":false},"author":2,"featured_media":515408,"comment_status":"","ping_status":"","sticky":false,"template":"","format":"standard","meta":{"footnotes":""},"categories":[1587],"tags":[11,672,1804,1805,1803,1777,674,1801,12,1802],"class_list":{"0":"post-515407","1":"post","2":"type-post","3":"status-publish","4":"format-standard","5":"has-post-thumbnail","7":"category-allemagne","8":"tag-actualites","9":"tag-allemagne","10":"tag-bundesrepublik-deutschland","11":"tag-de","12":"tag-deutschland","13":"tag-eu","14":"tag-europe","15":"tag-germany","16":"tag-news","17":"tag-republique-federale-dallemagne"},"share_on_mastodon":{"url":"https:\/\/pubeurope.com\/@fr\/115501652097295804","error":""},"_links":{"self":[{"href":"https:\/\/www.europesays.com\/fr\/wp-json\/wp\/v2\/posts\/515407","targetHints":{"allow":["GET"]}}],"collection":[{"href":"https:\/\/www.europesays.com\/fr\/wp-json\/wp\/v2\/posts"}],"about":[{"href":"https:\/\/www.europesays.com\/fr\/wp-json\/wp\/v2\/types\/post"}],"author":[{"embeddable":true,"href":"https:\/\/www.europesays.com\/fr\/wp-json\/wp\/v2\/users\/2"}],"replies":[{"embeddable":true,"href":"https:\/\/www.europesays.com\/fr\/wp-json\/wp\/v2\/comments?post=515407"}],"version-history":[{"count":0,"href":"https:\/\/www.europesays.com\/fr\/wp-json\/wp\/v2\/posts\/515407\/revisions"}],"wp:featuredmedia":[{"embeddable":true,"href":"https:\/\/www.europesays.com\/fr\/wp-json\/wp\/v2\/media\/515408"}],"wp:attachment":[{"href":"https:\/\/www.europesays.com\/fr\/wp-json\/wp\/v2\/media?parent=515407"}],"wp:term":[{"taxonomy":"category","embeddable":true,"href":"https:\/\/www.europesays.com\/fr\/wp-json\/wp\/v2\/categories?post=515407"},{"taxonomy":"post_tag","embeddable":true,"href":"https:\/\/www.europesays.com\/fr\/wp-json\/wp\/v2\/tags?post=515407"}],"curies":[{"name":"wp","href":"https:\/\/api.w.org\/{rel}","templated":true}]}}