{"id":515472,"date":"2025-11-06T08:28:15","date_gmt":"2025-11-06T08:28:15","guid":{"rendered":"https:\/\/www.europesays.com\/fr\/515472\/"},"modified":"2025-11-06T08:28:15","modified_gmt":"2025-11-06T08:28:15","slug":"il-faut-savoir-laisser-la-place-figure-du-syndicalisme-en-ille-et-vilaine-fabrice-lerestif-va-passer-la-main","status":"publish","type":"post","link":"https:\/\/www.europesays.com\/fr\/515472\/","title":{"rendered":"\u00ab\u00a0Il faut savoir laisser la place\u00a0\u00bb\u00a0: figure du syndicalisme en Ille-et-Vilaine, Fabrice Lerestif va passer la main"},"content":{"rendered":"<p>Il est de toutes les manifestations, de tous les piquets de gr\u00e8ve. Fabrice Lerestif, secr\u00e9taire g\u00e9n\u00e9ral de l\u2019union d\u00e9partementale de Force ouvri\u00e8re (FO) en Ille-et-Vilaine, va passer la main \u00e0 l\u2019automne 2026, lors du prochain congr\u00e8s du syndicat. \u00ab Je vais visiter des salles \u00e0 la fin de la semaine pour organiser cet \u00e9v\u00e9nement \u00bb, confie le syndicaliste, qui aura 65 ans l\u2019ann\u00e9e prochaine. \u00ab C\u2019est le moment. \u00bb<\/p>\n<p>Figure du mouvement contre la r\u00e9forme des retraites \u00e0 Rennes, ce prof d\u2019histoire-g\u00e9ographie a pris la t\u00eate de FO 35 (plus de 8 000 adh\u00e9rents) en 2013, apr\u00e8s plusieurs ann\u00e9es au sein de la branche \u00e9ducation du syndicat. \u00ab Lors du congr\u00e8s de 2023, \u00e0 Saint-P\u00e8re-Marc-en-Poulet, pr\u00e8s de Saint-Malo, j\u2019avais dit que ce serait mon dernier mandat de trois ans. Il faut savoir laisser la place, tranquillement, et bien pr\u00e9parer les choses. \u00bb<\/p>\n<p>\u00ab Secr\u00e9taire g\u00e9n\u00e9ral jusqu\u2019\u00e0 la derni\u00e8re minute \u00bb<\/p>\n<p>Depuis plusieurs mois, l\u2019homme, barbe poivre et sel et verbe toujours haut, travaille \u00e0 sa succession, qui devrait \u00eatre assur\u00e9e par C\u00e9line Cussac, aujourd\u2019hui secr\u00e9taire g\u00e9n\u00e9rale adjointe de l\u2019union d\u00e9partementale. \u00ab C\u2019est la cl\u00e9 : il faut pr\u00e9parer la suite pour ne pas aller dans le mur \u00bb, lance Fabrice Lerestif, qui assure qu\u2019il sera \u00ab l\u00e0 au quotidien jusqu\u2019au bout \u00bb. \u00ab Je serai secr\u00e9taire g\u00e9n\u00e9ral jusqu\u2019\u00e0 la derni\u00e8re minute, je ne suis pas en pr\u00e9retraite ! \u00bb<\/p>\n<p>Une fois qu\u2019il aura l\u00e2ch\u00e9 les r\u00eanes, Fabrice Lerestif compte bien continuer \u00e0 militer pour FO, mais \u00ab \u00e0 [sa] place \u00bb : distribution de tracts, manifestations\u2026 \u00ab Je serai toujours l\u00e0, je me bagarrerai jusqu\u2019au bout face \u00e0 l\u2019extr\u00eame droite pour l\u2019emp\u00eacher d\u2019arriver au pouvoir. \u00bb<\/p>\n","protected":false},"excerpt":{"rendered":"Il est de toutes les manifestations, de tous les piquets de gr\u00e8ve. Fabrice Lerestif, secr\u00e9taire g\u00e9n\u00e9ral de l\u2019union&hellip;\n","protected":false},"author":2,"featured_media":515473,"comment_status":"","ping_status":"","sticky":false,"template":"","format":"standard","meta":{"footnotes":""},"categories":[2821],"tags":[1111,11,829,1777,674,1011,27,848,12,316,584,25,801],"class_list":{"0":"post-515472","1":"post","2":"type-post","3":"status-publish","4":"format-standard","5":"has-post-thumbnail","7":"category-rennes","8":"tag-actu","9":"tag-actualites","10":"tag-bretagne","11":"tag-eu","12":"tag-europe","13":"tag-fr","14":"tag-france","15":"tag-ille-et-vilaine","16":"tag-news","17":"tag-politique","18":"tag-rennes","19":"tag-republique-francaise","20":"tag-social"},"share_on_mastodon":{"url":"https:\/\/pubeurope.com\/@fr\/115501813267426686","error":""},"_links":{"self":[{"href":"https:\/\/www.europesays.com\/fr\/wp-json\/wp\/v2\/posts\/515472","targetHints":{"allow":["GET"]}}],"collection":[{"href":"https:\/\/www.europesays.com\/fr\/wp-json\/wp\/v2\/posts"}],"about":[{"href":"https:\/\/www.europesays.com\/fr\/wp-json\/wp\/v2\/types\/post"}],"author":[{"embeddable":true,"href":"https:\/\/www.europesays.com\/fr\/wp-json\/wp\/v2\/users\/2"}],"replies":[{"embeddable":true,"href":"https:\/\/www.europesays.com\/fr\/wp-json\/wp\/v2\/comments?post=515472"}],"version-history":[{"count":0,"href":"https:\/\/www.europesays.com\/fr\/wp-json\/wp\/v2\/posts\/515472\/revisions"}],"wp:featuredmedia":[{"embeddable":true,"href":"https:\/\/www.europesays.com\/fr\/wp-json\/wp\/v2\/media\/515473"}],"wp:attachment":[{"href":"https:\/\/www.europesays.com\/fr\/wp-json\/wp\/v2\/media?parent=515472"}],"wp:term":[{"taxonomy":"category","embeddable":true,"href":"https:\/\/www.europesays.com\/fr\/wp-json\/wp\/v2\/categories?post=515472"},{"taxonomy":"post_tag","embeddable":true,"href":"https:\/\/www.europesays.com\/fr\/wp-json\/wp\/v2\/tags?post=515472"}],"curies":[{"name":"wp","href":"https:\/\/api.w.org\/{rel}","templated":true}]}}