{"id":515483,"date":"2025-11-06T08:34:18","date_gmt":"2025-11-06T08:34:18","guid":{"rendered":"https:\/\/www.europesays.com\/fr\/515483\/"},"modified":"2025-11-06T08:34:18","modified_gmt":"2025-11-06T08:34:18","slug":"la-crise-de-foie-ca-nexiste-pas-cette-nantaise-devoile-les-secrets-de-notre-ventre","status":"publish","type":"post","link":"https:\/\/www.europesays.com\/fr\/515483\/","title":{"rendered":"\u00ab\u00a0La crise de foie, \u00e7a n\u2019existe pas\u00a0\u00bb\u00a0: cette Nantaise d\u00e9voile les secrets de notre ventre"},"content":{"rendered":"<p>Elle s\u2019est fait un nom sur TikTok, Instagram ou YouTube. Pauline Guillouche, alias pauline.hepato, est h\u00e9pato-gastro-ent\u00e9rologue. La Nantaise continue de vulgariser sa discipline dans un livre, D\u00e9cryptez votre ventre.<\/p>\n<p>Pourquoi ce livre sur le ventre\u00a0?<\/p>\n<p>Avant d\u2019\u00e9crire ce livre, j\u2019ai commenc\u00e9 par m\u2019investir sur les r\u00e9seaux sociaux. En consultation, j\u2019avais &#8230;<\/p>\n<p>\u00a0<\/p>\n","protected":false},"excerpt":{"rendered":"Elle s\u2019est fait un nom sur TikTok, Instagram ou YouTube. Pauline Guillouche, alias pauline.hepato, est h\u00e9pato-gastro-ent\u00e9rologue. La Nantaise&hellip;\n","protected":false},"author":2,"featured_media":515484,"comment_status":"","ping_status":"","sticky":false,"template":"","format":"standard","meta":{"footnotes":""},"categories":[2818],"tags":[1111,11,352,851,1777,674,48536,18219,1011,27,63608,7127,766,12,2636,25,13761,3305],"class_list":{"0":"post-515483","1":"post","2":"type-post","3":"status-publish","4":"format-standard","5":"has-post-thumbnail","7":"category-nantes","8":"tag-actu","9":"tag-actualites","10":"tag-crise","11":"tag-devoile","12":"tag-eu","13":"tag-europe","14":"tag-existe","15":"tag-foie","16":"tag-fr","17":"tag-france","18":"tag-indigestion","19":"tag-nantaise","20":"tag-nantes","21":"tag-news","22":"tag-pays-de-la-loire","23":"tag-republique-francaise","24":"tag-secrets","25":"tag-ventre"},"share_on_mastodon":{"url":"https:\/\/pubeurope.com\/@fr\/115501836931653410","error":""},"_links":{"self":[{"href":"https:\/\/www.europesays.com\/fr\/wp-json\/wp\/v2\/posts\/515483","targetHints":{"allow":["GET"]}}],"collection":[{"href":"https:\/\/www.europesays.com\/fr\/wp-json\/wp\/v2\/posts"}],"about":[{"href":"https:\/\/www.europesays.com\/fr\/wp-json\/wp\/v2\/types\/post"}],"author":[{"embeddable":true,"href":"https:\/\/www.europesays.com\/fr\/wp-json\/wp\/v2\/users\/2"}],"replies":[{"embeddable":true,"href":"https:\/\/www.europesays.com\/fr\/wp-json\/wp\/v2\/comments?post=515483"}],"version-history":[{"count":0,"href":"https:\/\/www.europesays.com\/fr\/wp-json\/wp\/v2\/posts\/515483\/revisions"}],"wp:featuredmedia":[{"embeddable":true,"href":"https:\/\/www.europesays.com\/fr\/wp-json\/wp\/v2\/media\/515484"}],"wp:attachment":[{"href":"https:\/\/www.europesays.com\/fr\/wp-json\/wp\/v2\/media?parent=515483"}],"wp:term":[{"taxonomy":"category","embeddable":true,"href":"https:\/\/www.europesays.com\/fr\/wp-json\/wp\/v2\/categories?post=515483"},{"taxonomy":"post_tag","embeddable":true,"href":"https:\/\/www.europesays.com\/fr\/wp-json\/wp\/v2\/tags?post=515483"}],"curies":[{"name":"wp","href":"https:\/\/api.w.org\/{rel}","templated":true}]}}