{"id":515485,"date":"2025-11-06T08:35:16","date_gmt":"2025-11-06T08:35:16","guid":{"rendered":"https:\/\/www.europesays.com\/fr\/515485\/"},"modified":"2025-11-06T08:35:16","modified_gmt":"2025-11-06T08:35:16","slug":"loire-atlantique-hockey-sur-glace-d1-les-corsaires-de-nantes-ont-besoin-dun-declic","status":"publish","type":"post","link":"https:\/\/www.europesays.com\/fr\/515485\/","title":{"rendered":"Loire Atlantique &#8211; Hockey sur glace. D1\u00a0: les Corsaires de Nantes ont \u00ab\u00a0besoin d\u2019un d\u00e9clic\u00a0\u00bb"},"content":{"rendered":"<p>Sept d\u00e9faites en sept matches toutes comp\u00e9titions confondues. Le d\u00e9but de saison des Corsaires de Nantes est plus que compliqu\u00e9, avant un d\u00e9placement sur la glace de Courchevel, samedi 8\u00a0novembre (20\u00a0h\u00a030). Le manager nantais Fran\u00e7ois Dusseau fait le point sur la situation. Entretien.<\/p>\n<p>Quel bilan faites-vous de cette premi\u00e8re partie de saison\u00a0?<\/p>\n<p>Avec sept\u00a0d\u00e9faites en autant de rencontres officielles disput\u00e9es (un match de Coupe de France et six journ\u00e9es de championnat) et un seul point de pris sur les dix-huit\u00a0attribu\u00e9s, le bilan n\u2019est pas bon. Clairement pas \u00e0 la hauteur des moyens mis en \u0153uvre et des objectifs que nous nous sommes collectivement fix\u00e9s.<\/p>\n<p>Et pourtant, les rencontres de pr\u00e9saison laissaient augurer de belles choses\u00a0?<\/p>\n<p>Il est vrai qu\u2019en dehors de la fess\u00e9e re\u00e7ue \u00e0 Cholet, \u00e9quipe qui est par ailleurs en t\u00eate de D1, nous \u00e9tions satisfaits, avec Sylvain Roy, du contenu propos\u00e9 et des r\u00e9sultats obtenus, malgr\u00e9 une tr\u00e8s grosse charge de travail impos\u00e9e. C\u2019est une p\u00e9riode qu\u2019il ne faut pas oublier, mais qui n\u2019apporte rien sur le plan comptable.<\/p>\n<p>\u00ab\u00a0Si n\u00e9cessaire, nous prendrons nos responsabilit\u00e9s\u00a0\u00bb<\/p>\n<p>Comment expliquer ce surplace depuis le d\u00e9but du mois d\u2019octobre\u00a0?<\/p>\n<p>Nous avons mal commenc\u00e9 \u00e0 Lyon et esp\u00e9rions que les choses s\u2019enclenchent positivement \u00e0 Tours. Malgr\u00e9 une prestation int\u00e9ressante face aux Remparts, les joueurs n\u2019ont pas \u00e9t\u00e9 pay\u00e9s en retour et <a href=\"https:\/\/nantes.maville.com\/sport\/detail_-loire-atlantique-hockey-sur-glace.-battu-a-chambery-nantes-n-y-arrive-toujours-pas-_8-7026986_actu.Htm\" target=\"_blank\" rel=\"noopener\">se sont \u00e9croul\u00e9s huit jours plus tard \u00e0 Chamb\u00e9ry.<\/a> Depuis, le contenu est meilleur, <a href=\"https:\/\/nantes.maville.com\/sport\/detail_-hockey-sur-glace.-d1-nantes-etait-proche-d-un-premier-succes-a-dunkerque-_8-7042329_actu.Htm\" target=\"_blank\" rel=\"noopener\">comme face \u00e0 Dunkerque,<\/a> mais les choses ne tournent pas en notre faveur.<\/p>\n<p>Que manque-t-il finalement\u00a0?<\/p>\n<p>Il nous faut progresser dans les secteurs cl\u00e9s de ce sport, en \u00e9tant plus efficaces sur les sup\u00e9riorit\u00e9s num\u00e9riques et en r\u00e9sistant davantage lorsque nous sommes sanctionn\u00e9s. Le grand nombre de p\u00e9nalit\u00e9s siffl\u00e9es \u00e0 notre encontre ne nous aide clairement pas, alors que William Desmarais, notre portier, r\u00e9pond \u00e0 nos attentes et fait le travail. Le contexte collectif s\u2019am\u00e9liorera lorsque chacun jouera correctement dans le registre qui lui est demand\u00e9, \u00e0 la valeur qui est attendue. Aujourd\u2019hui, les joueurs qui doivent marquer ne mettent pas le palet au fond de la cage et ceux qui sont au club depuis quelques saisons, ne tirent pas correctement la locomotive. Il ne faut donc pas se chercher d\u2019excuses et travailler plus fort.<\/p>\n<p><strong>Lire aussi\u00a0:<\/strong> <a href=\"https:\/\/nantes.maville.com\/sport\/detail_-loire-atlantique-hockey-sur-glace.-d1-les-corsaires-chutent-encore-a-villard-de-lans-_8-7046344_actu.Htm\" target=\"_blank\" rel=\"noopener\">Hockey sur glace. D1\u00a0: Les Corsaires chutent encore \u00e0 Villard-de-Lans<\/a><\/p>\n<p>Le retour au Petit Port, pr\u00e9vu le 15\u00a0novembre, peut-il permettre d\u2019inverser la tendance\u00a0?<\/p>\n<p>Il ne faut pas attendre la venue de Caen et aller chercher une premi\u00e8re victoire d\u00e8s samedi, \u00e0 Courchevel. Apr\u00e8s une longue p\u00e9riode loin de notre base, l\u2019attente du public, dans un environnement modernis\u00e9, sera forte. Il serait bon d\u2019avoir le d\u00e9clic rapidement pour \u00e9viter d\u2019ajouter trop de pression. Sinon, il y aura des cons\u00e9quences, si n\u00e9cessaire des ajustements et nous prendrons nos responsabilit\u00e9s.<\/p>\n<p>\u00a0<\/p>\n","protected":false},"excerpt":{"rendered":"Sept d\u00e9faites en sept matches toutes comp\u00e9titions confondues. Le d\u00e9but de saison des Corsaires de Nantes est plus&hellip;\n","protected":false},"author":2,"featured_media":515486,"comment_status":"","ping_status":"","sticky":false,"template":"","format":"standard","meta":{"footnotes":""},"categories":[2818],"tags":[1111,11,3809,1465,1777,674,63,1011,27,1792,1922,2047,766,12,2636,25,479,517,1470],"class_list":{"0":"post-515485","1":"post","2":"type-post","3":"status-publish","4":"format-standard","5":"has-post-thumbnail","7":"category-nantes","8":"tag-actu","9":"tag-actualites","10":"tag-ball","11":"tag-basket","12":"tag-eu","13":"tag-europe","14":"tag-football","15":"tag-fr","16":"tag-france","17":"tag-handball","18":"tag-info","19":"tag-mans","20":"tag-nantes","21":"tag-news","22":"tag-pays-de-la-loire","23":"tag-republique-francaise","24":"tag-rugby","25":"tag-sport","26":"tag-volley"},"share_on_mastodon":{"url":"https:\/\/pubeurope.com\/@fr\/115501840751794533","error":""},"_links":{"self":[{"href":"https:\/\/www.europesays.com\/fr\/wp-json\/wp\/v2\/posts\/515485","targetHints":{"allow":["GET"]}}],"collection":[{"href":"https:\/\/www.europesays.com\/fr\/wp-json\/wp\/v2\/posts"}],"about":[{"href":"https:\/\/www.europesays.com\/fr\/wp-json\/wp\/v2\/types\/post"}],"author":[{"embeddable":true,"href":"https:\/\/www.europesays.com\/fr\/wp-json\/wp\/v2\/users\/2"}],"replies":[{"embeddable":true,"href":"https:\/\/www.europesays.com\/fr\/wp-json\/wp\/v2\/comments?post=515485"}],"version-history":[{"count":0,"href":"https:\/\/www.europesays.com\/fr\/wp-json\/wp\/v2\/posts\/515485\/revisions"}],"wp:featuredmedia":[{"embeddable":true,"href":"https:\/\/www.europesays.com\/fr\/wp-json\/wp\/v2\/media\/515486"}],"wp:attachment":[{"href":"https:\/\/www.europesays.com\/fr\/wp-json\/wp\/v2\/media?parent=515485"}],"wp:term":[{"taxonomy":"category","embeddable":true,"href":"https:\/\/www.europesays.com\/fr\/wp-json\/wp\/v2\/categories?post=515485"},{"taxonomy":"post_tag","embeddable":true,"href":"https:\/\/www.europesays.com\/fr\/wp-json\/wp\/v2\/tags?post=515485"}],"curies":[{"name":"wp","href":"https:\/\/api.w.org\/{rel}","templated":true}]}}