{"id":515493,"date":"2025-11-06T08:39:14","date_gmt":"2025-11-06T08:39:14","guid":{"rendered":"https:\/\/www.europesays.com\/fr\/515493\/"},"modified":"2025-11-06T08:39:14","modified_gmt":"2025-11-06T08:39:14","slug":"appel-a-temoins-apres-un-drame-sur-le-pont-saint-pierre","status":"publish","type":"post","link":"https:\/\/www.europesays.com\/fr\/515493\/","title":{"rendered":"appel \u00e0 t\u00e9moins apr\u00e8s un drame sur le Pont Saint-Pierre"},"content":{"rendered":"<p>\nLes policiers toulousains recherchent des t\u00e9moins susceptibles d&rsquo;avoir vu un homme sauter dans la Garonne ce 31 octobre.<\/p>\n<p>\n\u00a9 Photo d\u2019illustration \u2013 Pont Saint-Pierre \u00e0 Toulouse.<\/p>\n<p><a data-no-instant=\"1\" href=\"https:\/\/www.lunel.com\/2025\/09\/25\/flamenco-2025-une-cinquieme-edition-prometteuse\/\" rel=\"noopener\" class=\"a2t-link\" aria-label=\"3672-image\" target=\"_blank\"><img decoding=\"async\" loading=\"lazy\" src=\"https:\/\/www.europesays.com\/fr\/wp-content\/uploads\/2025\/11\/3672-image.jpg\" alt=\"\"   width=\"1220\" height=\"260\"\/><\/a><\/p>\n<p>Suite \u00e0 un dramatique incident survenu le <strong>31 octobre dernier<\/strong>, la Police nationale la Haute-Garonne lance un appel \u00e0 t\u00e9moins. En effet, les policiers toulousains sont \u00e0 la recherche de t\u00e9moins pr\u00e9sents sur le <strong>Pont Saint-Pierre<\/strong> \u00e0 <a href=\"https:\/\/infoccitanie.fr\/tag\/toulouse\/\" target=\"_blank\" rel=\"noopener\">Toulouse<\/a> aux alentours de 14h20 et susceptibles d\u2019avoir vu un <strong>homme sauter dans la Garonne<\/strong> depuis ce pont.<\/p>\n<p>Une tenue noire ainsi qu\u2019une sacoche en bandouli\u00e8re<\/p>\n<p>L\u2019homme en question, de <strong>type europ\u00e9en<\/strong> et mesurant <strong>1m85<\/strong>, portait une <strong>tenue noire <\/strong>ainsi qu\u2019une <strong>sacoche en bandouli\u00e8re<\/strong>. Si vous avez des informations permettant d\u2019aider les enqu\u00eateurs, contactez le commissariat de Toulouse au <strong>05 61 12 80 07<\/strong> ou au <strong>05 61 12 80 10<\/strong>.<\/p>\n","protected":false},"excerpt":{"rendered":"Les policiers toulousains recherchent des t\u00e9moins susceptibles d&rsquo;avoir vu un homme sauter dans la Garonne ce 31 octobre.&hellip;\n","protected":false},"author":2,"featured_media":515494,"comment_status":"","ping_status":"","sticky":false,"template":"","format":"standard","meta":{"footnotes":""},"categories":[2816],"tags":[1111,11,4260,1777,674,1011,27,12,2680,25,2312],"class_list":{"0":"post-515493","1":"post","2":"type-post","3":"status-publish","4":"format-standard","5":"has-post-thumbnail","7":"category-toulouse","8":"tag-actu","9":"tag-actualites","10":"tag-appel-a-temoins","11":"tag-eu","12":"tag-europe","13":"tag-fr","14":"tag-france","15":"tag-news","16":"tag-occitanie","17":"tag-republique-francaise","18":"tag-toulouse"},"share_on_mastodon":{"url":"https:\/\/pubeurope.com\/@fr\/115501857006590730","error":""},"_links":{"self":[{"href":"https:\/\/www.europesays.com\/fr\/wp-json\/wp\/v2\/posts\/515493","targetHints":{"allow":["GET"]}}],"collection":[{"href":"https:\/\/www.europesays.com\/fr\/wp-json\/wp\/v2\/posts"}],"about":[{"href":"https:\/\/www.europesays.com\/fr\/wp-json\/wp\/v2\/types\/post"}],"author":[{"embeddable":true,"href":"https:\/\/www.europesays.com\/fr\/wp-json\/wp\/v2\/users\/2"}],"replies":[{"embeddable":true,"href":"https:\/\/www.europesays.com\/fr\/wp-json\/wp\/v2\/comments?post=515493"}],"version-history":[{"count":0,"href":"https:\/\/www.europesays.com\/fr\/wp-json\/wp\/v2\/posts\/515493\/revisions"}],"wp:featuredmedia":[{"embeddable":true,"href":"https:\/\/www.europesays.com\/fr\/wp-json\/wp\/v2\/media\/515494"}],"wp:attachment":[{"href":"https:\/\/www.europesays.com\/fr\/wp-json\/wp\/v2\/media?parent=515493"}],"wp:term":[{"taxonomy":"category","embeddable":true,"href":"https:\/\/www.europesays.com\/fr\/wp-json\/wp\/v2\/categories?post=515493"},{"taxonomy":"post_tag","embeddable":true,"href":"https:\/\/www.europesays.com\/fr\/wp-json\/wp\/v2\/tags?post=515493"}],"curies":[{"name":"wp","href":"https:\/\/api.w.org\/{rel}","templated":true}]}}