{"id":515507,"date":"2025-11-06T08:48:16","date_gmt":"2025-11-06T08:48:16","guid":{"rendered":"https:\/\/www.europesays.com\/fr\/515507\/"},"modified":"2025-11-06T08:48:16","modified_gmt":"2025-11-06T08:48:16","slug":"8h-pour-faire-paris-lyon-en-tgv-nuit-de-cauchemar-pour-des-centaines-de-passagers","status":"publish","type":"post","link":"https:\/\/www.europesays.com\/fr\/515507\/","title":{"rendered":"8h pour faire Paris-Lyon en TGV, nuit de cauchemar pour des centaines de passagers"},"content":{"rendered":"<p>            Par<br \/>\n        <strong><br \/>\n            <a href=\"https:\/\/actu.fr\/auteur\/nicolas-zaugra\" title=\"Consulter tous les articles de Nicolas Zaugra\" target=\"_blank\" rel=\"noopener\">Nicolas Zaugra<\/a><br \/>\n        <\/strong><\/p>\n<p>        Publi\u00e9 le<\/p>\n<p>            6 nov. 2025 \u00e0 8h47<br \/>\n        ; mis \u00e0 jour le 6 nov. 2025 \u00e0 8h49    <\/p>\n<p>Une nuit cauchemardesque pour les <strong>usagers d\u2019un TGV Paris-Lyon<\/strong> entre la soir\u00e9e de mercredi et la nuit du jeudi 6 novembre.<\/p>\n<p class=\" wall-content\">Des centaines de clients de la <a href=\"https:\/\/actu.fr\/tag\/sncf\" target=\"_blank\" rel=\"noopener\">SNCF<\/a> se sont retrouv\u00e9s coinc\u00e9s sur leur trajet \u00e0 cause d\u2019un accident grave de voyageur survenu en Bourgogne a compl\u00e8tement d\u00e9sorganis\u00e9 la circulation des trains \u00e0 grande vitesse sur l\u2019axe reliant Paris au sud du pays. Certains sont <strong>rest\u00e9s dans le train 8h au total jusqu\u2019\u00e0 Lyon<\/strong>\u2026<\/p>\n<p>8h de trajet entre Paris et Lyon, une personne tu\u00e9e par un TGV<\/p>\n<p class=\" wall-content\">Le c\u00e9l\u00e8bre avocat lyonnais Alain Jakubowicz en a fait les frais. \u00ab\u00a0Tout est possible avec la SNCF. 6 h de retard annonc\u00e9 pour un Paris-Lyon. Vous avez bien lu 6 h de retard, soit 8 h de trajet, le temps d\u2019un vol pour Toronto, Nairobi ou Delhi. Sans la moindre explication. Pas un mot ! Je sais maintenant pourquoi les TGV s\u2019appellent Inou\u00ef !\u00a0\u00bb, a-t-il ironis\u00e9 sur le r\u00e9seau social X.\u00a0<\/p>\n<p class=\" wall-content\">Lui, comme d\u2019autres usagers, ont d\u00fb patienter en raison d\u2019une <strong>personne heurt\u00e9e par un train entre M\u00e2con et Le Creusot<\/strong>, en Sa\u00f4ne-et-Loire, indique la SNCF. La victime est d\u00e9c\u00e9d\u00e9e.<\/p>\n<p>Certains voyageurs ont pass\u00e9 la nuit dans le train<\/p>\n<p class=\" wall-content\">\u00ab\u00a0Je suis partie de Paris \u00e0 18h17 et l\u00e0, il est 2h04 du matin et on est \u00e0 Lyon, je devais arriver \u00e0 Gen\u00e8ve\u00a0\u00bb, confie, d\u00e9pit\u00e9e, une passag\u00e8re interrog\u00e9e par TF1 \u00e0 la gare de Lyon Part-Dieu dans la nuit.\u00a0<\/p>\n<p class=\" wall-content\">\u00ab\u00a0D\u2019abord, c\u2019\u00e9tait 2h30 puis \u00e7a passe \u00e0 4h, 5h30\u2026 au bout de 7h30 j\u2019ai arr\u00eat\u00e9 de regarder\u00a0\u00bb, confie une autre. \u00ab\u00a0J\u2019ai la chance de prendre un taxi mais il y en a qui vont dormir dans les wagons parce qu\u2019il n\u2019y a pas de place dans les h\u00f4tels\u00a0\u00bb, ajoute une autre usag\u00e8re de la SNCF en arrivant \u00e0 Lyon.<\/p>\n<p>Votre r\u00e9gion, votre actu !<\/p>\n<p>Recevez chaque jour les infos qui comptent pour vous.<\/p>\n<p>\t<a href=\"https:\/\/actu.fr\/newsletter\" class=\"ac-btn ac-btn--corner ac-btn--medium ac-btn--blue800\" target=\"_blank\" rel=\"noopener\">S&rsquo;incrire<\/a><\/p>\n<p class=\" wall-content\">\n<p class=\" wall-content\">Certains voyageurs sont donc arriv\u00e9s \u00e0 l\u2019aube \u00e0 Montpellier, aux alentours de 5h30.<\/p>\n<p class=\" wall-content\">La circulation a pu reprendre normalement ce jeudi matin sur l\u2019axe TGV Sud-Est.<\/p>\n<p class=\" wall-content\">Personnalisez votre actualit\u00e9 en ajoutant vos villes et m\u00e9dias en favori avec <a href=\"https:\/\/moncompte.actu.fr\" title=\"D\u00e9couvez Mon Actu\" rel=\"nofollow noopener\" data-trk=\"{&quot;cta&quot;:{&quot;action&quot;:&quot;https:\\\/\\\/moncompte.actu.fr&quot;,&quot;category&quot;:&quot;mon compte&quot;,&quot;from&quot;:&quot;article footer&quot;,&quot;name&quot;:&quot;Mon actu&quot;,&quot;type&quot;:&quot;cta&quot;}}\" target=\"_blank\">Mon Actu<\/a>.<\/p>\n","protected":false},"excerpt":{"rendered":"Par Nicolas Zaugra Publi\u00e9 le 6 nov. 2025 \u00e0 8h47 ; mis \u00e0 jour le 6 nov. 2025&hellip;\n","protected":false},"author":2,"featured_media":515508,"comment_status":"","ping_status":"","sticky":false,"template":"","format":"standard","meta":{"footnotes":""},"categories":[1888],"tags":[7757,1111,1928,11,1927,1777,674,1011,27,12,1926,626,1925,25,2215,104,2214],"class_list":{"0":"post-515507","1":"post","2":"type-post","3":"status-publish","4":"format-standard","5":"has-post-thumbnail","7":"category-paris","8":"tag-accident-grave-de-voyageur","9":"tag-actu","10":"tag-actu-paris","11":"tag-actualites","12":"tag-actualites-paris","13":"tag-eu","14":"tag-europe","15":"tag-fr","16":"tag-france","17":"tag-news","18":"tag-news-paris","19":"tag-paris","20":"tag-paris-news","21":"tag-republique-francaise","22":"tag-sncf","23":"tag-societe","24":"tag-tgv"},"share_on_mastodon":{"url":"https:\/\/pubeurope.com\/@fr\/115501891936473758","error":""},"_links":{"self":[{"href":"https:\/\/www.europesays.com\/fr\/wp-json\/wp\/v2\/posts\/515507","targetHints":{"allow":["GET"]}}],"collection":[{"href":"https:\/\/www.europesays.com\/fr\/wp-json\/wp\/v2\/posts"}],"about":[{"href":"https:\/\/www.europesays.com\/fr\/wp-json\/wp\/v2\/types\/post"}],"author":[{"embeddable":true,"href":"https:\/\/www.europesays.com\/fr\/wp-json\/wp\/v2\/users\/2"}],"replies":[{"embeddable":true,"href":"https:\/\/www.europesays.com\/fr\/wp-json\/wp\/v2\/comments?post=515507"}],"version-history":[{"count":0,"href":"https:\/\/www.europesays.com\/fr\/wp-json\/wp\/v2\/posts\/515507\/revisions"}],"wp:featuredmedia":[{"embeddable":true,"href":"https:\/\/www.europesays.com\/fr\/wp-json\/wp\/v2\/media\/515508"}],"wp:attachment":[{"href":"https:\/\/www.europesays.com\/fr\/wp-json\/wp\/v2\/media?parent=515507"}],"wp:term":[{"taxonomy":"category","embeddable":true,"href":"https:\/\/www.europesays.com\/fr\/wp-json\/wp\/v2\/categories?post=515507"},{"taxonomy":"post_tag","embeddable":true,"href":"https:\/\/www.europesays.com\/fr\/wp-json\/wp\/v2\/tags?post=515507"}],"curies":[{"name":"wp","href":"https:\/\/api.w.org\/{rel}","templated":true}]}}