{"id":515509,"date":"2025-11-06T08:49:13","date_gmt":"2025-11-06T08:49:13","guid":{"rendered":"https:\/\/www.europesays.com\/fr\/515509\/"},"modified":"2025-11-06T08:49:13","modified_gmt":"2025-11-06T08:49:13","slug":"le-salon-mondial-du-tourisme-a-paris-expo-du-12-au-15-mars-2026","status":"publish","type":"post","link":"https:\/\/www.europesays.com\/fr\/515509\/","title":{"rendered":"Le Salon Mondial du Tourisme \u00e0 Paris Expo du 12 au 15 mars 2026"},"content":{"rendered":"<p>V\u00e9ritable passerelle vers l\u2019\u00e9vasion, le <a href=\"https:\/\/www.salons-du-tourisme.com\/fr-FR\/paris\" target=\"_blank\" rel=\"noopener\">Salon Mondial du Tourisme<\/a> revient, du 12 au 15 mars 2026 \u00e0 Paris Expo Porte de Versailles. \u00c0 l\u2019heure o\u00f9 les attentes des voyageurs \u00e9voluent, l\u2019\u00e9v\u00e9nement confirme son statut de source d\u2019inspiration pour tous ceux qui r\u00eavent de nouvelles destinations, d\u2019exp\u00e9riences in\u00e9dites ou simplement d\u2019un prochain d\u00e9part.<\/p>\n<p>Chiffres-cl\u00e9s : 49e \u00e9dition\u00a0 200 exposants\u00a0 +73 000 visiteurs attendus<\/p>\n<p>Du road trip europ\u00e9en au week-end en France, en passant par un s\u00e9jour en famille ou un circuit au bout du monde, le salon invite chaque visiteur \u00e0 s\u2019\u00e9vader et \u00e0 faire le plein d\u2019id\u00e9es aupr\u00e8s des professionnels du tourisme pr\u00e9sents.<\/p>\n<p>Un concentr\u00e9 d\u2019expertise et d\u2019inspiration<\/p>\n<p>Chaque ann\u00e9e, le salon du tourisme r\u00e9unit plus de 200 exposants (agences de voyages, tour- op\u00e9rateurs, offices de tourisme fran\u00e7ais et internationaux, transporteurs, croisi\u00e9ristes, h\u00e9bergeurs ou sp\u00e9cialistes de l\u2019\u00e9quipement) pour accompagner les visiteurs dans la r\u00e9alisation de leurs futures vacances et pour trouver leur destination id\u00e9ale.<\/p>\n<p>Ceux-ci b\u00e9n\u00e9ficient aussi de conseils concrets sur les destinations, les s\u00e9jours th\u00e9matiques et les nouvelles tendances du voyage lors de conf\u00e9rences et rencontres avec des sp\u00e9cialistes de l\u2019\u00e9vasion. Enfin, l\u2019exp\u00e9rience s\u2019enrichit d\u2019animations folkloriques, artisanales et gastronomiques pour une immersion totale avant m\u00eame de boucler sa valise.<\/p>\n<p>Les tendances du voyage<\/p>\n<p>Rendez-vous des tendances du voyage, le salon propose de nombreuses th\u00e9matiques pour s\u2019aventurer de fa\u00e7on originale vers de nouvelles contr\u00e9es et b\u00e9n\u00e9ficier de conseils pertinents.<\/p>\n<p>Voyager seul, mais pas isol\u00e9<\/p>\n<p>Le voyage en solo s\u00e9duit de plus en plus. Les plus jeunes, majoritairement des femmes (65 %), y trouvent l\u2019occasion de sortir des sentiers battus et de vivre des exp\u00e9riences immersives et authentiques en toute ind\u00e9pendance. Un autre profil se distingue : les \u00ab silver solo \u00bb qui privil\u00e9gient les circuits accompagn\u00e9s, croisi\u00e8res ou voyages organis\u00e9s, synonymes de s\u00e9curit\u00e9, confort et s\u00e9r\u00e9nit\u00e9. Ces nouvelles pratiques sont \u00e0 d\u00e9couvrir aupr\u00e8s de nombreux exposants et t\u00e9moignages inspirants.<\/p>\n<p>Slow tourisme : prendre le temps<\/p>\n<p>Symbole d\u2019un voyage plus responsable, le train s\u00e9duit un nombre croissant de vacanciers. En 2025, 27 % des voyageurs pr\u00e9voyaient de partir en train lors de leurs cong\u00e9s (+5 points vs 2024)\u00b9. Au salon, les visiteurs pourront rencontrer des experts du voyage ferroviaire et des passionn\u00e9s du slow tourisme, d\u00e9j\u00e0 convaincus qu\u2019\u00e9vasion et \u00e9cologie peuvent aller de pair.<\/p>\n<p>Voyages en famille : partager, apprendre, s\u2019\u00e9merveiller<\/p>\n<p>Les familles recherchent d\u00e9sormais des s\u00e9jours qui ont du sens et allient d\u00e9couverte, apprentissage et plaisir partag\u00e9. 91 % des parents souhaitent d\u2019ailleurs que leurs enfants explorent de nouvelles cultures et exp\u00e9riences\u00b2. Mini-croisi\u00e8res, micro-aventures, s\u00e9jours insolites ou tourisme vert sont autant de formules \u00e0 d\u00e9couvrir au salon pour vivre le voyage autrement, ensemble.<\/p>\n<p>Tourisme et accessibilit\u00e9 : l\u2019inclusion en mouvement<\/p>\n<p>L\u2019accessibilit\u00e9 reste un enjeu majeur pour le secteur du tourisme, n\u00e9cessitant de repenser l\u2019accueil, les infrastructures d\u2019h\u00e9bergement, les activit\u00e9s\u2026 Avec l\u2019association Tourisme &amp; Handicaps, le salon proposera un espace d\u00e9di\u00e9 aux destinations et sites engag\u00e9s dans un accueil inclusif et adapt\u00e9.<\/p>\n<p>Pour les personnes en situation de handicap et leurs aidants, les cong\u00e9s sont un moment de rupture avec leur quotidien aux bienfaits incontestables. Rappelons qu\u2019en France (m\u00e9tropole et DROM), le nombre d\u2019enfants et d\u2019adultes handicap\u00e9s (de 5 ans ou plus), varie de 5,7 millions \u00e0 18,2 millions de personnes selon la d\u00e9finition utilis\u00e9e.<\/p>\n<p><strong>Sources<\/strong><\/p>\n<p>1 \u2013 Enqu\u00eate du Salon Mondial du Tourisme \u2013 Les vacances d\u2019\u00e9t\u00e9 2025 des Franciliens \u2013 novembre 20251<\/p>\n<p>2 \u2013 Enqu\u00eate Booking.com \u2013 Vacances d\u2019\u00e9t\u00e9 2025 \u2013 Les tendances pour les Fran\u00e7ais \u2013 Juillet 20252<\/p>\n<p>3 -Panorama de la Drees \u2013 Le Handicap en chiffres \u2013 novembre 2024<\/p>\n<p>Village de l\u2019emploi et des formations aux m\u00e9tiers du tourisme avec L\u2019\u00c9tudiant<\/p>\n<p>Le salon du tourisme c\u2019est aussi un lieu d\u2019information pour imaginer son avenir dans le secteur du tourisme et \u00e9clairer son projet d\u2019orientation. M\u00e9dia de r\u00e9f\u00e9rence sp\u00e9cialis\u00e9 sur l\u2019orientation &amp; la formation destin\u00e9 aux jeunes de 15 \u00e0 25 ans et \u00e0 leurs parents, l\u2019Etudiant s\u2019associe au Salon Mondial du Tourisme avec un village d\u00e9di\u00e9 au secteur professionnel du tourisme, install\u00e9 au c\u0153ur m\u00eame de l\u2019\u00e9v\u00e9nement.<\/p>\n<p>De nombreux \u00e9tablissements de formations, notamment dans l\u2019apprentissage des langues, seront pr\u00e9sents pour \u00e9changer avec les visiteurs, ainsi que des associations et acteurs publics sp\u00e9cialis\u00e9s dans l\u2019orientation sur le secteur du tourisme. Au programme \u00e9galement : un mur d\u2019offres de stages et d\u2019emplois pour trouver sa future aventure professionnelle ainsi qu\u2019une agora avec des conf\u00e9rences th\u00e9matiques, rythmeront les quatre jours du salon.<\/p>\n<p>Ce village est r\u00e9alis\u00e9 en partenariat avec la F.F.T.S.T., F\u00e9d\u00e9ration Fran\u00e7aise des Techniciens et Scientifiques du Tourisme, qui regroupe depuis 60 ans les professionnels dipl\u00f4m\u00e9s du tourisme et collabore \u00e0 de nombreuses op\u00e9rations propres \u00e0 d\u00e9velopper le secteur.<\/p>\n<p>En 2026, le Salon Mondial du Tourisme est labellis\u00e9 par la Semaine des M\u00e9tiers du Tourisme qui valorise les \u00e9v\u00e9nements mettant en lumi\u00e8re les nombreuses opportunit\u00e9s de carri\u00e8re dans le secteur du tourisme.<\/p>\n<p>Destinations Nature : l\u2019outdoor au creux des mains<\/p>\n<p>\u00c0 ceux qui souhaitent vivre des exp\u00e9riences outdoor, le salon Destinations Nature qui se tient en concomitance avec le Salon Mondial du Tourisme, offre mille et une id\u00e9e pour des activit\u00e9s de trek, trail, marche nordique, randos nature, \u00e0 pied, \u00e0 cheval ou \u00e0 v\u00e9lo\u2026 en France et \u00e0 l\u2019\u00e9tranger.<\/p>\n<p>Destinations Nature accueillera la 3 \u00e9dition du festival Exp\u00e9rience Nature dont la programmation (films, entretiens, d\u00e9bats\u2026) ravira les aventuriers et les amoureux des grands espaces et des paysages \u00e0 couper le souffle.<\/p>\n<p>Texte fourni par AB3C en France.<\/p>\n","protected":false},"excerpt":{"rendered":"V\u00e9ritable passerelle vers l\u2019\u00e9vasion, le Salon Mondial du Tourisme revient, du 12 au 15 mars 2026 \u00e0 Paris&hellip;\n","protected":false},"author":2,"featured_media":515510,"comment_status":"","ping_status":"","sticky":false,"template":"","format":"standard","meta":{"footnotes":""},"categories":[1888],"tags":[1111,1928,11,1927,63611,1777,674,1011,27,12,1926,626,63610,1925,51724,25,63609],"class_list":{"0":"post-515509","1":"post","2":"type-post","3":"status-publish","4":"format-standard","5":"has-post-thumbnail","7":"category-paris","8":"tag-actu","9":"tag-actu-paris","10":"tag-actualites","11":"tag-actualites-paris","12":"tag-du-12-au-15-mars-2026","13":"tag-eu","14":"tag-europe","15":"tag-fr","16":"tag-france","17":"tag-news","18":"tag-news-paris","19":"tag-paris","20":"tag-paris-expo","21":"tag-paris-news","22":"tag-porte-de-versailles","23":"tag-republique-francaise","24":"tag-salon-mondial-du-tourisme"},"share_on_mastodon":{"url":"https:\/\/pubeurope.com\/@fr\/115501895823411401","error":""},"_links":{"self":[{"href":"https:\/\/www.europesays.com\/fr\/wp-json\/wp\/v2\/posts\/515509","targetHints":{"allow":["GET"]}}],"collection":[{"href":"https:\/\/www.europesays.com\/fr\/wp-json\/wp\/v2\/posts"}],"about":[{"href":"https:\/\/www.europesays.com\/fr\/wp-json\/wp\/v2\/types\/post"}],"author":[{"embeddable":true,"href":"https:\/\/www.europesays.com\/fr\/wp-json\/wp\/v2\/users\/2"}],"replies":[{"embeddable":true,"href":"https:\/\/www.europesays.com\/fr\/wp-json\/wp\/v2\/comments?post=515509"}],"version-history":[{"count":0,"href":"https:\/\/www.europesays.com\/fr\/wp-json\/wp\/v2\/posts\/515509\/revisions"}],"wp:featuredmedia":[{"embeddable":true,"href":"https:\/\/www.europesays.com\/fr\/wp-json\/wp\/v2\/media\/515510"}],"wp:attachment":[{"href":"https:\/\/www.europesays.com\/fr\/wp-json\/wp\/v2\/media?parent=515509"}],"wp:term":[{"taxonomy":"category","embeddable":true,"href":"https:\/\/www.europesays.com\/fr\/wp-json\/wp\/v2\/categories?post=515509"},{"taxonomy":"post_tag","embeddable":true,"href":"https:\/\/www.europesays.com\/fr\/wp-json\/wp\/v2\/tags?post=515509"}],"curies":[{"name":"wp","href":"https:\/\/api.w.org\/{rel}","templated":true}]}}