{"id":515515,"date":"2025-11-06T08:52:13","date_gmt":"2025-11-06T08:52:13","guid":{"rendered":"https:\/\/www.europesays.com\/fr\/515515\/"},"modified":"2025-11-06T08:52:13","modified_gmt":"2025-11-06T08:52:13","slug":"la-fei-assouplit-ses-regles-pour-la-russie-et-la-bielorussie","status":"publish","type":"post","link":"https:\/\/www.europesays.com\/fr\/515515\/","title":{"rendered":"La FEI assouplit ses r\u00e8gles pour la Russie et la Bi\u00e9lorussie"},"content":{"rendered":"<p>\u2014 Publi\u00e9 le 6 novembre 2025<\/p>\n<p>\t\t\t\t\t\t\t\t\t\t\t<a href=\"https:\/\/www.francsjeux.com\/categorie\/equitation-2\/\" rel=\"nofollow noopener\" target=\"_blank\">Equitation<\/a>\t\t\t\t\t\t\t\t\t\t\t\t\t\t\t\t\t\t\t\t\t<\/p>\n<p>\t\t\t\t                  <img loading=\"lazy\" decoding=\"async\" class=\"alignnone wp-image-108626\" src=\"https:\/\/www.europesays.com\/fr\/wp-content\/uploads\/2025\/11\/webversion.jpg\" alt=\"\" width=\"1000\" height=\"666\"  \/><\/p>\n<p>Hong Kong accueille cette semaine <strong>l\u2019Assembl\u00e9e g\u00e9n\u00e9rale de la F\u00e9d\u00e9ration \u00e9questre internationale<\/strong>. En marge de ce rendez-vous, le conseil d\u2019administration de la f\u00e9d\u00e9ration s\u2019est r\u00e9uni pour <a href=\"https:\/\/inside.fei.org\/system\/files\/1%20-%20GA25%20-%20%20wrap-up%20report%20BM1%20-%204Nov2025.pdf\" rel=\"nofollow noopener\" target=\"_blank\">prendre plusieurs d\u00e9cisions<\/a>. Il a notamment \u00e9voqu\u00e9 le cas des <strong>f\u00e9d\u00e9rations \u00e9questres de Russie et de Bi\u00e9lorussie<\/strong>. La FEI a opt\u00e9 pour un assouplissement puisqu\u2019\u00e0 compter du 1er janvier 2026, <strong>elle autorisera la participation des athl\u00e8tes russes et bi\u00e9lorusses aux comp\u00e9titions par \u00e9quipe, sous un drapeau neutre<\/strong>. Elle a \u00e9galement donn\u00e9 son<strong> feu vert pour l\u2019organisation d\u2019\u00e9v\u00e9nements FEI en Bi\u00e9lorussie<\/strong>, toujours \u00e0 partir du 1er janvier.<\/p>\n<p>Le conseil s\u2019est \u00e9galement pench\u00e9 sur la prochaine <strong>\u00e9lection pr\u00e9sidentielle, en 2026<\/strong>. Il a approuv\u00e9 le r\u00e8glement \u00e9lectoral, qui sera publi\u00e9 au d\u00e9but du mois de f\u00e9vrier, \u00ab\u00a0marquant le d\u00e9but du processus \u00e9lectoral\u00a0\u00bb. Une session sera consacr\u00e9e \u00e0 la description du r\u00f4le du pr\u00e9sident ce vendredi 6 novembre. Elle sera anim\u00e9e par le pr\u00e9sident et un membre du <strong>groupe de travail sur la succession du pr\u00e9sident<\/strong> de la FEI.<\/p>\n<p class=\"tags\">\u00c9tiquettes :  <a href=\"https:\/\/www.francsjeux.com\/tag\/bielorussie\/\" rel=\"tag nofollow noopener\" target=\"_blank\">Bi\u00e9lorussie<\/a>, <a href=\"https:\/\/www.francsjeux.com\/tag\/equitation\/\" rel=\"tag nofollow noopener\" target=\"_blank\">\u00e9quitation<\/a>, <a href=\"https:\/\/www.francsjeux.com\/tag\/fei\/\" rel=\"tag nofollow noopener\" target=\"_blank\">FEI<\/a>, <a href=\"https:\/\/www.francsjeux.com\/tag\/russie\/\" rel=\"tag nofollow noopener\" target=\"_blank\">Russie<\/a><\/p>\n","protected":false},"excerpt":{"rendered":"\u2014 Publi\u00e9 le 6 novembre 2025 Equitation Hong Kong accueille cette semaine l\u2019Assembl\u00e9e g\u00e9n\u00e9rale de la F\u00e9d\u00e9ration \u00e9questre&hellip;\n","protected":false},"author":2,"featured_media":515516,"comment_status":"","ping_status":"","sticky":false,"template":"","format":"standard","meta":{"footnotes":""},"categories":[1591],"tags":[11,1887,12,1885,1886,132],"class_list":{"0":"post-515515","1":"post","2":"type-post","3":"status-publish","4":"format-standard","5":"has-post-thumbnail","7":"category-russie","8":"tag-actualites","9":"tag-federation-de-russie","10":"tag-news","11":"tag-russia","12":"tag-russian-federation","13":"tag-russie"},"share_on_mastodon":{"url":"https:\/\/pubeurope.com\/@fr\/115501908351566730","error":""},"_links":{"self":[{"href":"https:\/\/www.europesays.com\/fr\/wp-json\/wp\/v2\/posts\/515515","targetHints":{"allow":["GET"]}}],"collection":[{"href":"https:\/\/www.europesays.com\/fr\/wp-json\/wp\/v2\/posts"}],"about":[{"href":"https:\/\/www.europesays.com\/fr\/wp-json\/wp\/v2\/types\/post"}],"author":[{"embeddable":true,"href":"https:\/\/www.europesays.com\/fr\/wp-json\/wp\/v2\/users\/2"}],"replies":[{"embeddable":true,"href":"https:\/\/www.europesays.com\/fr\/wp-json\/wp\/v2\/comments?post=515515"}],"version-history":[{"count":0,"href":"https:\/\/www.europesays.com\/fr\/wp-json\/wp\/v2\/posts\/515515\/revisions"}],"wp:featuredmedia":[{"embeddable":true,"href":"https:\/\/www.europesays.com\/fr\/wp-json\/wp\/v2\/media\/515516"}],"wp:attachment":[{"href":"https:\/\/www.europesays.com\/fr\/wp-json\/wp\/v2\/media?parent=515515"}],"wp:term":[{"taxonomy":"category","embeddable":true,"href":"https:\/\/www.europesays.com\/fr\/wp-json\/wp\/v2\/categories?post=515515"},{"taxonomy":"post_tag","embeddable":true,"href":"https:\/\/www.europesays.com\/fr\/wp-json\/wp\/v2\/tags?post=515515"}],"curies":[{"name":"wp","href":"https:\/\/api.w.org\/{rel}","templated":true}]}}