{"id":515518,"date":"2025-11-06T08:54:15","date_gmt":"2025-11-06T08:54:15","guid":{"rendered":"https:\/\/www.europesays.com\/fr\/515518\/"},"modified":"2025-11-06T08:54:15","modified_gmt":"2025-11-06T08:54:15","slug":"trump-ne-sera-pas-a-la-cop30-mais-va-tenter-de-la-torpiller-a-distance","status":"publish","type":"post","link":"https:\/\/www.europesays.com\/fr\/515518\/","title":{"rendered":"Trump ne sera pas \u00e0 la COP30 mais va tenter de la torpiller \u00e0 distance"},"content":{"rendered":"<p>Alors que s\u2019ouvre aujourd\u2019hui \u00e0 Bel\u00e9m, au Br\u00e9sil, le sommet des dirigeants pour l\u2019action climat, pr\u00e9lude \u00e0 la COP30, un grand absent fait d\u00e9j\u00e0 parler de lui: Donald Trump. Les \u00c9tats-Unis ne participeront pas officiellement\u2026 mais leur pr\u00e9sident pourrait bien influencer, voire parasiter, les discussions mondiales sur le climat.<\/p>\n<p>\u00c0 chaque COP, son impr\u00e9vu diplomatique. Cette ann\u00e9e, c\u2019est l\u2019ombre du pr\u00e9sident am\u00e9ricain qui plane sur la rencontre organis\u00e9e au c\u0153ur de l\u2019Amazonie. Washington a annonc\u00e9 qu\u2019aucune d\u00e9l\u00e9gation officielle ne serait envoy\u00e9e au Br\u00e9sil. Mais cela ne veut pas dire que Donald Trump restera silencieux.<\/p>\n<p>Depuis son retour \u00e0 la Maison-Blanche, le pr\u00e9sident am\u00e9ricain a remis en avant sa \u00ab\u00a0diplomatie punitive\u00a0\u00bb: une strat\u00e9gie d\u2019intimidation \u00e9conomique destin\u00e9e \u00e0 contraindre ses partenaires \u00e0 ralentir les n\u00e9gociations internationales sur le climat. Objectif: affaiblir ou bloquer tout accord contraignant susceptible de freiner les \u00c9tats-Unis ou leurs alli\u00e9s industriels.<\/p>\n<p>Le mois dernier, cette m\u00e9thode a d\u00e9j\u00e0 fait mouche: l\u2019\u00e9quipe Trump a torpill\u00e9 un accord de neutralit\u00e9 carbone dans le secteur du transport maritime, en mena\u00e7ant les autres pays. Dans un domaine aussi sensible que le climat, ce type de chantage commercial peut suffire \u00e0 faire d\u00e9railler des semaines de n\u00e9gociations.<\/p>\n<p><img decoding=\"async\" src=\"https:\/\/www.europesays.com\/fr\/wp-content\/uploads\/2025\/09\/principale-128_2.jpg\"  alt=\"Annalisa Cappellini : \u00c0 Bel\u00e9m, l'ombre de Trump plane sur la COP30 - 06\/11\" title=\"Annalisa Cappellini : \u00c0 Bel\u00e9m, l'ombre de Trump plane sur la COP30 - 06\/11\"\/>Annalisa Cappellini : \u00c0 Bel\u00e9m, l&rsquo;ombre de Trump plane sur la COP30 &#8211; 06\/11Les \u00c9tats-Unis hors-jeu\u2026 mais toujours dans la salle<\/p>\n<p>Officiellement, les \u00c9tats-Unis se sont \u00e0 nouveau retir\u00e9s de l\u2019Accord de Paris d\u00e8s l\u2019arriv\u00e9e de Donald Trump \u00e0 la Maison-Blanche, mais la proc\u00e9dure ne sera effective qu\u2019en janvier 2026. D\u2019ici l\u00e0, Washington participe encore, au moins techniquement, aux processus de la COP.<\/p>\n<p>D\u2019o\u00f9 la crainte, \u00e0 Bel\u00e9m, de voir surgir des repr\u00e9sentants officieux du camp MAGA dans les r\u00e9unions, dans le seul but de freiner les discussions sur le calendrier de sortie du charbon ou sur les financements des pays du sud. Pour les diplomates europ\u00e9ens ou latino-am\u00e9ricains, l\u2019inqui\u00e9tude est r\u00e9elle: une COP parasit\u00e9e par la ligne dure am\u00e9ricaine ne ferait qu\u2019aggraver le retard accumul\u00e9 sur les engagements climatiques.<\/p>\n<p>Lula, Xi et les Brics en alternative<\/p>\n<p>Face \u00e0 ce vide am\u00e9ricain, un autre axe tente de s\u2019imposer. Le Br\u00e9sil, h\u00f4te du sommet, entend capitaliser sur sa baisse de d\u00e9forestation et son virage \u00e9cologique. Lula veut repositionner son pays au centre des discussions climatiques, comme un leader du Sud global cr\u00e9dible.<\/p>\n<p>C\u00f4t\u00e9 asiatique, la Chine et l\u2019Inde multiplient les signaux d\u2019ouverture. P\u00e9kin, notamment, a surpris lors du dernier sommet de l\u2019ONU par un discours offensif en faveur des \u00e9nergies renouvelables. Difficile de dire encore s\u2019il s\u2019agit d\u2019un r\u00e9el changement de strat\u00e9gie ou d\u2019un simple exercice de communication verte.<\/p>\n<p>Une chose est s\u00fbre: le climat devient une nouvelle voie de leadership mondial. Et si Donald Trump refuse de l&#8217;emprunter, d\u2019autres puissances pourraient bien tenter de s\u2019y imposer comme champions de la transition.<\/p>\n","protected":false},"excerpt":{"rendered":"Alors que s\u2019ouvre aujourd\u2019hui \u00e0 Bel\u00e9m, au Br\u00e9sil, le sommet des dirigeants pour l\u2019action climat, pr\u00e9lude \u00e0 la&hellip;\n","protected":false},"author":2,"featured_media":515519,"comment_status":"","ping_status":"","sticky":false,"template":"","format":"standard","meta":{"footnotes":""},"categories":[1589],"tags":[11,73,1866,12,1864,1865,1863,308],"class_list":{"0":"post-515518","1":"post","2":"type-post","3":"status-publish","4":"format-standard","5":"has-post-thumbnail","7":"category-etats-unis","8":"tag-actualites","9":"tag-etats-unis","10":"tag-etats-unis-damerique","11":"tag-news","12":"tag-united-states","13":"tag-united-states-of-america","14":"tag-us","15":"tag-usa"},"share_on_mastodon":{"url":"https:\/\/pubeurope.com\/@fr\/115501916172402218","error":""},"_links":{"self":[{"href":"https:\/\/www.europesays.com\/fr\/wp-json\/wp\/v2\/posts\/515518","targetHints":{"allow":["GET"]}}],"collection":[{"href":"https:\/\/www.europesays.com\/fr\/wp-json\/wp\/v2\/posts"}],"about":[{"href":"https:\/\/www.europesays.com\/fr\/wp-json\/wp\/v2\/types\/post"}],"author":[{"embeddable":true,"href":"https:\/\/www.europesays.com\/fr\/wp-json\/wp\/v2\/users\/2"}],"replies":[{"embeddable":true,"href":"https:\/\/www.europesays.com\/fr\/wp-json\/wp\/v2\/comments?post=515518"}],"version-history":[{"count":0,"href":"https:\/\/www.europesays.com\/fr\/wp-json\/wp\/v2\/posts\/515518\/revisions"}],"wp:featuredmedia":[{"embeddable":true,"href":"https:\/\/www.europesays.com\/fr\/wp-json\/wp\/v2\/media\/515519"}],"wp:attachment":[{"href":"https:\/\/www.europesays.com\/fr\/wp-json\/wp\/v2\/media?parent=515518"}],"wp:term":[{"taxonomy":"category","embeddable":true,"href":"https:\/\/www.europesays.com\/fr\/wp-json\/wp\/v2\/categories?post=515518"},{"taxonomy":"post_tag","embeddable":true,"href":"https:\/\/www.europesays.com\/fr\/wp-json\/wp\/v2\/tags?post=515518"}],"curies":[{"name":"wp","href":"https:\/\/api.w.org\/{rel}","templated":true}]}}