{"id":515522,"date":"2025-11-06T08:56:12","date_gmt":"2025-11-06T08:56:12","guid":{"rendered":"https:\/\/www.europesays.com\/fr\/515522\/"},"modified":"2025-11-06T08:56:12","modified_gmt":"2025-11-06T08:56:12","slug":"ca-auto-bank-et-byd-renforcent-leur-partenariat-financier-en-allemagne","status":"publish","type":"post","link":"https:\/\/www.europesays.com\/fr\/515522\/","title":{"rendered":"CA Auto Bank et BYD renforcent leur partenariat financier en Allemagne"},"content":{"rendered":"<p>\nLe partenariat entre\u00a0CA Auto Bank, filiale de Cr\u00e9dit Agricole Personal Finance &amp; Mobility, et\u00a0BYD, leader mondial des v\u00e9hicules \u00e0 \u00e9nergie nouvelle, franchit une nouvelle \u00e9tape en Allemagne. D\u00e9j\u00e0 actifs ensemble en France, en Italie, en Espagne et en Suisse, les deux acteurs \u00e9tendent leur coop\u00e9ration sur le march\u00e9 allemand, avec une ambition claire : acc\u00e9l\u00e9rer la transition vers une mobilit\u00e9 durable.<\/p>\n<p>\nD\u00e9sormais, le partenariat inclura\u00a0le financement des stocks de v\u00e9hicules neufs et d\u2019occasion, en compl\u00e9ment des offres existantes de\u00a0financement, de location et d\u2019assurance. Cette \u00e9volution vise \u00e0 soutenir la croissance du r\u00e9seau de concessionnaires BYD en Allemagne, en leur offrant une plus grande flexibilit\u00e9 commerciale.<\/p>\n<p>L&rsquo;Allemagne, un march\u00e9 cl\u00e9 pour BYD en Europe\u00a0<\/p>\n<p>\n\u00ab L\u2019Allemagne est un march\u00e9 cl\u00e9 pour notre expansion europ\u00e9enne \u00bb, souligne\u00a0Lars Bialkowski, Country Manager de BYD Allemagne. \u00ab Gr\u00e2ce \u00e0 CA Auto Bank, nous proposons \u00e0 nos partenaires des solutions de financement personnalis\u00e9es, qui rendent nos v\u00e9hicules \u00e9lectriques accessibles \u00e0 un public plus large, plus rapidement. \u00bb<\/p>\n<p>\nLe nouvel accord couvre l\u2019ensemble de la gamme BYD, des mod\u00e8les compacts comme la\u00a0Dolphin\u00a0aux berlines haut de gamme comme la\u00a0Seal. Il s\u2019appuie sur une approche\u00a0multicanal, combinant les solutions traditionnelles en concession avec des\u00a0offres digitales innovantes, pour une exp\u00e9rience client fluide et moderne.<\/p>\n<p>\nPour\u00a0Jakob B\u00f6hme, Country Manager de CA Auto Bank en Allemagne, cette extension du partenariat est strat\u00e9gique : \u00ab En \u00e9largissant notre offre, notamment dans le domaine du financement wholesale, nous contribuons activement au d\u00e9veloppement de la mobilit\u00e9 durable et accompagnons les ambitions de croissance de BYD. \u00bb<\/p>\n<p>\n\u00a0<\/p>\n<p>\n\u00a0<\/p>\n","protected":false},"excerpt":{"rendered":"Le partenariat entre\u00a0CA Auto Bank, filiale de Cr\u00e9dit Agricole Personal Finance &amp; Mobility, et\u00a0BYD, leader mondial des v\u00e9hicules&hellip;\n","protected":false},"author":2,"featured_media":515523,"comment_status":"","ping_status":"","sticky":false,"template":"","format":"standard","meta":{"footnotes":""},"categories":[1587],"tags":[11,672,63612,1804,15191,63613,1979,1805,1803,17780,1777,674,3531,63614,63615,1801,12,1802,2106],"class_list":{"0":"post-515522","1":"post","2":"type-post","3":"status-publish","4":"format-standard","5":"has-post-thumbnail","7":"category-allemagne","8":"tag-actualites","9":"tag-allemagne","10":"tag-batteries-byd-constructeurs-etrangers","11":"tag-bundesrepublik-deutschland","12":"tag-byd","13":"tag-ca-auto-bank","14":"tag-constructeurs","15":"tag-de","16":"tag-deutschland","17":"tag-en-bref","18":"tag-eu","19":"tag-europe","20":"tag-financement","21":"tag-financement-automobile","22":"tag-financement-de-vehicules","23":"tag-germany","24":"tag-news","25":"tag-republique-federale-dallemagne","26":"tag-vie-des-marques"},"share_on_mastodon":{"url":"","error":""},"_links":{"self":[{"href":"https:\/\/www.europesays.com\/fr\/wp-json\/wp\/v2\/posts\/515522","targetHints":{"allow":["GET"]}}],"collection":[{"href":"https:\/\/www.europesays.com\/fr\/wp-json\/wp\/v2\/posts"}],"about":[{"href":"https:\/\/www.europesays.com\/fr\/wp-json\/wp\/v2\/types\/post"}],"author":[{"embeddable":true,"href":"https:\/\/www.europesays.com\/fr\/wp-json\/wp\/v2\/users\/2"}],"replies":[{"embeddable":true,"href":"https:\/\/www.europesays.com\/fr\/wp-json\/wp\/v2\/comments?post=515522"}],"version-history":[{"count":0,"href":"https:\/\/www.europesays.com\/fr\/wp-json\/wp\/v2\/posts\/515522\/revisions"}],"wp:featuredmedia":[{"embeddable":true,"href":"https:\/\/www.europesays.com\/fr\/wp-json\/wp\/v2\/media\/515523"}],"wp:attachment":[{"href":"https:\/\/www.europesays.com\/fr\/wp-json\/wp\/v2\/media?parent=515522"}],"wp:term":[{"taxonomy":"category","embeddable":true,"href":"https:\/\/www.europesays.com\/fr\/wp-json\/wp\/v2\/categories?post=515522"},{"taxonomy":"post_tag","embeddable":true,"href":"https:\/\/www.europesays.com\/fr\/wp-json\/wp\/v2\/tags?post=515522"}],"curies":[{"name":"wp","href":"https:\/\/api.w.org\/{rel}","templated":true}]}}