{"id":515537,"date":"2025-11-06T09:11:13","date_gmt":"2025-11-06T09:11:13","guid":{"rendered":"https:\/\/www.europesays.com\/fr\/515537\/"},"modified":"2025-11-06T09:11:13","modified_gmt":"2025-11-06T09:11:13","slug":"clement-tabur-vitaliy-sachko-atp-250-metz-quarts-de-finale-jeudi-06-novembre-2025-lequipe","status":"publish","type":"post","link":"https:\/\/www.europesays.com\/fr\/515537\/","title":{"rendered":"Cl\u00e9ment Tabur &#8211; Vitaliy Sachko, ATP 250, Metz, Quarts de finale, Jeudi 06 novembre 2025 &#8211; L&#039;\u00c9quipe"},"content":{"rendered":"<ol>\n<li><a href=\"https:\/\/news.google.com\/rss\/articles\/CBMiwgFBVV95cUxPNFFfN1ZwUHdEV2FmUDNWMTNpQi15ZFA3NWdGVlEycWJVaGlBSkcxYmZZTndLODZscmRuczFlZFQ0cC1POFo3d1RNNFAxMUdjbTB3RG5kbzROOThkRWpWc2RvVmJIeHd3Yk1WZHpldlkyQy1mMmZpbmp6YUlublpJdERZM1gtbm91ejBMelk0LWhGcFhKNmowNkdVUzVwLWRSc1RnaTVxOVh6cDlGV0tzbi02dl9OYVRfbUdQWGRjWnZ6QQ?oc=5\" target=\"_blank\" rel=\"nofollow noopener\">Cl\u00e9ment Tabur &#8211; Vitaliy Sachko, ATP 250, Metz, Quarts de finale, Jeudi 06 novembre 2025<\/a>&nbsp;&nbsp;L&rsquo;\u00c9quipe<\/li>\n<li><a href=\"https:\/\/news.google.com\/rss\/articles\/CBMihgJBVV95cUxQdEFIVWpHNzB1Yi1uYXdUczdfZEFiUlAwdWVMaE40WGMxQmsySm5ObWlWN1BmNVczaU04ZllXU0hsUkpRcmNNQWJaRENMQTJOeFVXQVhLOWFTUnpFZHk1S1p1YlZ0MkNkOC1JR0kwNGp4V1E5b3ExV1AzM3pOSl9EUlRSaUtQQzRnX2xBdXJOWFhPWGVBTUFxQ2hHUzAwNWRvZ25MNEVNYlhQQzExYnJZekpybXdZakZmV3lNMWR1Q1RCdzZ3VTRtN0xVZ3lOQTVFamRNc1ZJNG9UT2J5MGtYOGhiTEptMXlEME9FNTV2TjBDdFZHU281bWJ2bFhrREhLUl92cy13?oc=5\" target=\"_blank\" rel=\"nofollow noopener\">Cl\u00e9ment Tabur s&rsquo;est qualifi\u00e9 pour les quarts de finale alors qu&rsquo;il n&rsquo;\u00e9tait pas admis en qualifications jusqu&rsquo;\u00e0 la derni\u00e8re minute<\/a>&nbsp;&nbsp;L&rsquo;\u00c9quipe<\/li>\n<li><a href=\"https:\/\/news.google.com\/rss\/articles\/CBMioAJBVV95cUxQM2dKR3JzYVMtSHlIVWl6U0YzcHpaem9qeXJFTnpQSHl3RHRuaTRFT1F1RTlXUE9LZjNXcjEwVjVaNGpObG1PMHIzdElFWGQ0QTg5eVVZVGFaMVR0cG9TQzRvOWNGSF9uY0RkZGRJc0JxY3h0ZjBudlczRWJDX0FaUVdRS180eHdWc3Z5WVMzOE5zdEhMbnZCR0JaSmRPTy05dmpyQXBxN00yYzN0bXJMano4RERhbC13VzZ3dEhndTZES28yR0lSRTZ4Q1plT2swTW1KZFUyb3hwQlZ6T25HZFZhR1p1WHRlRF90cGRQOGt1V3ZkV2RzdkxNUWdTVFFWd3ZObF9fNTlzMXFSb1lzRktNLXg5aVBiM29ZeU02cnA?oc=5\" target=\"_blank\" rel=\"nofollow noopener\">INSOLITE. Apr\u00e8s deux exploits, ce tennisman du Maine-et-Loire retrouve en quart de finale un joueur qu\u2019il a d\u00e9j\u00e0 \u00e9limin\u00e9<\/a>&nbsp;&nbsp;Ouest-France<\/li>\n<li><a href=\"https:\/\/news.google.com\/rss\/articles\/CBMi4AFBVV95cUxOa3BHb1VlbWM4Z3dMTEUtVzFBbGNjUUNfQUFXSUJTVmlvSlFUSWRYMS1PbDVFZGNFWnM2ckg5NGlBbFFtS0dYYjdhUzlyNVg4SW9odnFVY0pzZEdQZmFXb1IwMWlkeW9GZWtndDczTlZBTmc3dG00dTdnVWpwNDBLOENrQnJrQk52aDZ1bHJNb1dOZFRDR2h5TVdjX2NvdjJUelc3ZFRBRWpBdThPVWN6VW10WHcwSlpzak03NExaandzRlJCanpRbjUxbmthMmRVVkZGMmI4N2JUcUZuM3FUTw?oc=5\" target=\"_blank\" rel=\"nofollow noopener\">ATP Metz: Alexander Blockx renverse la situation et passe au deuxi\u00e8me tour<\/a>&nbsp;&nbsp;DHnet<\/li>\n<li><a href=\"https:\/\/news.google.com\/rss\/articles\/CBMihAJBVV95cUxOZEU2QnlhZ29UZUZYclZyQThRUVN4eTRaNU5mQVZNbjF0Q3JUZ0NrQlhiNThyRkhYbUJEM2dubk9GQ29nd2RsUVdQcG9ObGtFTHpBeUpmMlk3Mi00YjIxWUctVGZ0R1IzclNYQTRrNXlPUGk2WXdUVGdoMHg0aEVOb2xDb1A2UFZpekJSc00tN0hHVG1MbDZibVd4U1Y5Nm1XZ0FYNm93ZlhMZWZVdXF6LWRZWGZSU1Zfa2JOQzB1Q3hxNjJzcVRpbndRc0RVb2NkamViOWlFVklpVmxRSGtjcmlIX1puemw0SEJENkk5eWJCNk44bnNieXA2MWlQLVpoT3dRRw?oc=5\" target=\"_blank\" rel=\"nofollow noopener\">Nouvel exploit pour Cl\u00e9ment Tabur : au terme d\u2019un match fou, le tennisman de Maine-et-Loire file<\/a>&nbsp;&nbsp;Maville<\/li>\n<\/ol>\n","protected":false},"excerpt":{"rendered":"Cl\u00e9ment Tabur &#8211; Vitaliy Sachko, ATP 250, Metz, Quarts de finale, Jeudi 06 novembre 2025&nbsp;&nbsp;L&rsquo;\u00c9quipe Cl\u00e9ment Tabur s&rsquo;est&hellip;\n","protected":false},"author":2,"featured_media":1983,"comment_status":"","ping_status":"","sticky":false,"template":"","format":"standard","meta":{"footnotes":""},"categories":[1415],"tags":[1011,27,60,1467],"class_list":{"0":"post-515537","1":"post","2":"type-post","3":"status-publish","4":"format-standard","5":"has-post-thumbnail","7":"category-tennis","8":"tag-fr","9":"tag-france","10":"tag-sports","11":"tag-tennis"},"share_on_mastodon":{"url":"https:\/\/pubeurope.com\/@fr\/115501982399704122","error":""},"_links":{"self":[{"href":"https:\/\/www.europesays.com\/fr\/wp-json\/wp\/v2\/posts\/515537","targetHints":{"allow":["GET"]}}],"collection":[{"href":"https:\/\/www.europesays.com\/fr\/wp-json\/wp\/v2\/posts"}],"about":[{"href":"https:\/\/www.europesays.com\/fr\/wp-json\/wp\/v2\/types\/post"}],"author":[{"embeddable":true,"href":"https:\/\/www.europesays.com\/fr\/wp-json\/wp\/v2\/users\/2"}],"replies":[{"embeddable":true,"href":"https:\/\/www.europesays.com\/fr\/wp-json\/wp\/v2\/comments?post=515537"}],"version-history":[{"count":0,"href":"https:\/\/www.europesays.com\/fr\/wp-json\/wp\/v2\/posts\/515537\/revisions"}],"wp:featuredmedia":[{"embeddable":true,"href":"https:\/\/www.europesays.com\/fr\/wp-json\/wp\/v2\/media\/1983"}],"wp:attachment":[{"href":"https:\/\/www.europesays.com\/fr\/wp-json\/wp\/v2\/media?parent=515537"}],"wp:term":[{"taxonomy":"category","embeddable":true,"href":"https:\/\/www.europesays.com\/fr\/wp-json\/wp\/v2\/categories?post=515537"},{"taxonomy":"post_tag","embeddable":true,"href":"https:\/\/www.europesays.com\/fr\/wp-json\/wp\/v2\/tags?post=515537"}],"curies":[{"name":"wp","href":"https:\/\/api.w.org\/{rel}","templated":true}]}}