{"id":515538,"date":"2025-11-06T09:15:13","date_gmt":"2025-11-06T09:15:13","guid":{"rendered":"https:\/\/www.europesays.com\/fr\/515538\/"},"modified":"2025-11-06T09:15:13","modified_gmt":"2025-11-06T09:15:13","slug":"lavenir-de-valentin-tabellion-est-tranche-actualite","status":"publish","type":"post","link":"https:\/\/www.europesays.com\/fr\/515538\/","title":{"rendered":"L\u2019avenir de Valentin Tabellion est tranch\u00e9 &#8211; Actualit\u00e9"},"content":{"rendered":"<p style=\"text-align: justify;\"><strong>Valentin Tabellion ne portera plus les couleurs de Van Rysel-Roubaix en 2026. Le coureur de 26 ans, membre de la Conti nordiste depuis cinq saisons, n\u2019a pas \u00e9t\u00e9 reconduit. Il s\u2019est engag\u00e9 avec une Conti F\u00e9d\u00e9rale, l&rsquo;AVC Aix Provence Dole.<br \/>Cette saison, <strong><a href=\"https:\/\/www.directvelo.com\/coureur\/16262\/valentin-tabellion\" target=\"_blank\" rel=\"noopener\">Valentin Tabellion<\/a><\/strong>\u00a0a pour rappel <strong><a href=\"https:\/\/www.directvelo.com\/actualite\/119503\/valentin-tabellion-sur-la-touche-pour-une-duree-indeterminee\" target=\"_blank\" rel=\"noopener\">longtemps \u00e9t\u00e9 bless\u00e9<\/a><\/strong>, avant de revenir \u00e0 l\u2019\u00e9t\u00e9 avec la conviction d\u2019avoir <strong><a href=\"https:\/\/www.directvelo.com\/actualite\/123295\/valentin-tabellion-jai-encore-a-apporter\" target=\"_blank\" rel=\"noopener\">\u201cencore \u00e0 apporter\u201d<\/a><\/strong>. <br \/>Avant sa blessure, il avait r\u00e9alis\u00e9 un bon\u00a0d\u00e9but de saison en terminant 2e du Grand Prix de Lillers, 7e d\u2019\u00e9tape au Tour de la Provence mais aussi 10e, 11e et 15e d\u2019\u00e9tapes lors de l\u2019Etoile de Bess\u00e8ges.<br \/>Au sein de l&rsquo;AVC Aix Provence Dole, <strong><a href=\"https:\/\/www.directvelo.com\/actualite\/125145\/oscar-nilsson-julien-retrouve-son-ancien-club\" target=\"_blank\" rel=\"noopener\">il retrouvera un autre pistard, Oscar Nilsson-Julien<\/a><\/strong>.<\/strong><\/p>\n<p>Retrouvez toutes les infos mercato\u00a0de l\u2019intersaison 2025-2026 <strong><a href=\"https:\/\/www.directvelo.com\/mutations\/2026\" target=\"_blank\" rel=\"noopener\">en cliquant ici<\/a><\/strong>.\u00a0 \u00a0\u00a0<\/p>\n","protected":false},"excerpt":{"rendered":"Valentin Tabellion ne portera plus les couleurs de Van Rysel-Roubaix en 2026. Le coureur de 26 ans, membre&hellip;\n","protected":false},"author":2,"featured_media":515539,"comment_status":"","ping_status":"","sticky":false,"template":"","format":"standard","meta":{"footnotes":""},"categories":[1411],"tags":[834,828,836,829,837,827,83,826,824,823,1154,207,814,817,815,816,822,821,832,211,839,1011,27,820,818,819,835,831,830,833,838,60,212,208,825],"class_list":{"0":"post-515538","1":"post","2":"type-post","3":"status-publish","4":"format-standard","5":"has-post-thumbnail","7":"category-cyclisme","8":"tag-attaque","9":"tag-belgique","10":"tag-braquet","11":"tag-bretagne","12":"tag-chute","13":"tag-competition","14":"tag-coupe-de-france","15":"tag-coureur","16":"tag-course-cyclisme","17":"tag-course-cycliste","18":"tag-cycling","19":"tag-cyclisme","20":"tag-direct","21":"tag-direct-velo","22":"tag-directvelo","23":"tag-directvelo-com","24":"tag-epreuve","25":"tag-epreuve-cycliste","26":"tag-federation-francaise-de-cyclisme","27":"tag-ffc","28":"tag-flandres","29":"tag-fr","30":"tag-france","31":"tag-live","32":"tag-live-course","33":"tag-live-epreuve","34":"tag-peloton","35":"tag-radio-peloton","36":"tag-radio-tour","37":"tag-ravitaillement","38":"tag-relance","39":"tag-sports","40":"tag-uci","41":"tag-velo","42":"tag-velos"},"share_on_mastodon":{"url":"https:\/\/pubeurope.com\/@fr\/115501998047228221","error":""},"_links":{"self":[{"href":"https:\/\/www.europesays.com\/fr\/wp-json\/wp\/v2\/posts\/515538","targetHints":{"allow":["GET"]}}],"collection":[{"href":"https:\/\/www.europesays.com\/fr\/wp-json\/wp\/v2\/posts"}],"about":[{"href":"https:\/\/www.europesays.com\/fr\/wp-json\/wp\/v2\/types\/post"}],"author":[{"embeddable":true,"href":"https:\/\/www.europesays.com\/fr\/wp-json\/wp\/v2\/users\/2"}],"replies":[{"embeddable":true,"href":"https:\/\/www.europesays.com\/fr\/wp-json\/wp\/v2\/comments?post=515538"}],"version-history":[{"count":0,"href":"https:\/\/www.europesays.com\/fr\/wp-json\/wp\/v2\/posts\/515538\/revisions"}],"wp:featuredmedia":[{"embeddable":true,"href":"https:\/\/www.europesays.com\/fr\/wp-json\/wp\/v2\/media\/515539"}],"wp:attachment":[{"href":"https:\/\/www.europesays.com\/fr\/wp-json\/wp\/v2\/media?parent=515538"}],"wp:term":[{"taxonomy":"category","embeddable":true,"href":"https:\/\/www.europesays.com\/fr\/wp-json\/wp\/v2\/categories?post=515538"},{"taxonomy":"post_tag","embeddable":true,"href":"https:\/\/www.europesays.com\/fr\/wp-json\/wp\/v2\/tags?post=515538"}],"curies":[{"name":"wp","href":"https:\/\/api.w.org\/{rel}","templated":true}]}}