{"id":515546,"date":"2025-11-06T09:20:15","date_gmt":"2025-11-06T09:20:15","guid":{"rendered":"https:\/\/www.europesays.com\/fr\/515546\/"},"modified":"2025-11-06T09:20:15","modified_gmt":"2025-11-06T09:20:15","slug":"personne-ne-malentendu-entre-benjamin-duhamel-et-son-invite-le-ton-monte","status":"publish","type":"post","link":"https:\/\/www.europesays.com\/fr\/515546\/","title":{"rendered":"\u00ab\u00a0Personne ne&#8230;\u00a0\u00bb : malentendu entre Benjamin Duhamel et son invit\u00e9, le ton monte"},"content":{"rendered":"<p>L\u2019ambiance \u00e9tait \u00e9lectrique ce jeudi 6 novembre 2025 sur<br \/>\n<a href=\"https:\/\/www.closermag.fr\/politique\/jespere-que-vous-navez-pas-retenu-que-ca-linvite-de-benjamin-duhamel-conscient-den-avoir-peut-etre-trop-dit-3587734\" rel=\"nofollow noopener\" target=\"_blank\"><br \/>\nFrance Inter. Invit\u00e9 de la matinale,<\/a> Laurent Nu\u00f1ez, ministre de<br \/>\nl\u2019Int\u00e9rieur, s\u2019est vivement oppos\u00e9 au journaliste Benjamin Duhamel<br \/>\n<strong>lors d\u2019un \u00e9change tendu au sujet du maintien de<br \/>\nl\u2019ordre<\/strong> lors des affrontements de Sainte-Soline. Le ton<br \/>\nest mont\u00e9 lorsque le journaliste de la station a tent\u00e9 d\u2019obtenir<br \/>\nune r\u00e9ponse claire sur la proportionnalit\u00e9 de la riposte<br \/>\npolici\u00e8re.<\/p>\n<p>Tout est parti d\u2019une question sur l\u2019attitude de G\u00e9rald Darmanin,<br \/>\nancien ministre de l\u2019Int\u00e9rieur, face aux accusations de violences<br \/>\npolici\u00e8res apr\u00e8s les \u00e9v\u00e9nements de mars 2023. \u201cVotre<br \/>\npr\u00e9d\u00e9cesseur avait parl\u00e9 d\u2019un usage de la force proportionn\u00e9.<br \/>\n<strong>Il \u00e9tait dans le d\u00e9ni ?\u201d<\/strong>, a lanc\u00e9 Benjamin<br \/>\nDuhamel. Ce \u00e0 quoi Laurent Nunez a imm\u00e9diatement r\u00e9pliqu\u00e9 : \u201cIl<br \/>\nn\u2019\u00e9tait pas dans le d\u00e9ni, il avait parfaitement raison.\u201d Une<br \/>\nr\u00e9ponse qui a visiblement surpris le journaliste : \u201cAh, donc<br \/>\nselon vous, l\u2019usage de la force \u00e0 Sainte-Soline \u00e9tait proportionn\u00e9<br \/>\n?\u201d\u00a0<\/p>\n<p>Benjamin Duhamel pousse son invit\u00e9 dans ses retranchements<\/p>\n<p>Relanc\u00e9 sur le sujet, Laurent Nu\u00f1ez a tenu \u00e0 nuancer : \u201cJe<br \/>\nparle de l\u2019action de la gendarmerie, qui a \u00e9t\u00e9 men\u00e9e face \u00e0 des<br \/>\nactions extr\u00eamement violentes, y compris contre des v\u00e9hicules,<br \/>\ncontre des personnes, contre nos militaires. La riposte a \u00e9t\u00e9<br \/>\nproportionn\u00e9e. <strong>Il y a des actes qui ont \u00e9t\u00e9<br \/>\nr\u00e9v\u00e9l\u00e9s<\/strong> par des vid\u00e9os et qui, manifestement, ne le sont<br \/>\npas. Mais je n\u2019irai pas sur votre terrain qui consiste \u00e0 vouloir<br \/>\ng\u00e9n\u00e9raliser.\u201d<\/p>\n<p>Loin de l\u00e2cher l\u2019affaire, <a href=\"https:\/\/www.closermag.fr\/politique\/vous-me-p-benjamin-duhamel-tente-un-coup-qualain-juppe-lui-renvoie-aussitot-dans-quelle-epoque-3587563\" rel=\"nofollow noopener\" target=\"_blank\"><br \/>\nBenjamin Duhamel, ancien journaliste de BFMTV<\/a>, a tenu \u00e0<br \/>\nclarifier sa position, tout en relan\u00e7ant le d\u00e9bat :<br \/>\n\u201cPardonnez-moi, ici, personne ne minimise ce que faisaient les<br \/>\nmanifestants, qui, pour certains, arrivaient avec des boules de<br \/>\np\u00e9tanque et voulaient s\u2019en prendre directement aux gendarmes.<br \/>\nSimplement, est-ce qu\u2019il ne s\u2019agit que de <strong>brebis galeuses<br \/>\n?<\/strong> Quand on voit ces vid\u00e9os, on constate plusieurs tirs<br \/>\ntendus de grenades, c\u2019est-\u00e0-dire des tirs directement orient\u00e9s vers<br \/>\nles manifestants. Est-ce qu\u2019il n\u2019y a pas un sujet sur les donneurs<br \/>\nd\u2019ordre ?\u201d .<\/p>\n<p>Laurent Nu\u00f1ez ne se laisse pas<br \/>\nfaire<\/p>\n<p>Visiblement agac\u00e9, le ministre a r\u00e9pondu fermement : \u201cCe<br \/>\nn\u2019est pas seulement quelques exceptions qui ont d\u00e9cid\u00e9 de s\u2019en<br \/>\nprendre aux manifestants. L\u2019enqu\u00eate le dira. Mais je vous redis ce<br \/>\nqu\u2019avait d\u00e9j\u00e0 affirm\u00e9 G\u00e9rald Darmanin : il y avait eu un niveau de<br \/>\nviolence in\u00e9gal\u00e9 ce jour-l\u00e0. La riposte a \u00e9t\u00e9 tr\u00e8s majoritairement<br \/>\nproportionn\u00e9e.\u201d\u00a0<\/p>\n<p>Cet accrochage entre le ministre et le journaliste illustre la<br \/>\nsensibilit\u00e9 du sujet du maintien de l\u2019ordre, souvent au c\u0153ur des<br \/>\npol\u00e9miques depuis les grandes mobilisations \u00e9cologistes et sociales<br \/>\ndes derni\u00e8res ann\u00e9es. <strong>Si Laurent Nunez persiste \u00e0 d\u00e9fendre<br \/>\nles forces de l\u2019ordre,<\/strong> <a href=\"https:\/\/www.closermag.fr\/politique\/vous-vous-calmez-jean-luc-melenchon-perd-son-calme-ambiance-plus-que-tendue-avec-benjamin-duhamel-3586176\" rel=\"nofollow noopener\" target=\"_blank\"><br \/>\nBenjamin Duhamel, qui a eu un \u00e9change tendu avec Jean-Luc<br \/>\nM\u00e9lenchon,<\/a> lui, a mis en avant les zones d\u2019ombre point\u00e9es par<br \/>\nde nombreuses ONG et par plusieurs vid\u00e9os diffus\u00e9es sur les r\u00e9seaux<br \/>\nsociaux. Un \u00e9change muscl\u00e9, r\u00e9v\u00e9lateur des tensions persistantes<br \/>\nentre la presse et le gouvernement sur la question de la violence<br \/>\npolici\u00e8re \u2014 un d\u00e9bat qui, \u00e0 chaque nouvelle s\u00e9quence, ravive les<br \/>\nplaies laiss\u00e9es par Sainte-Soline.<\/p>\n","protected":false},"excerpt":{"rendered":"L\u2019ambiance \u00e9tait \u00e9lectrique ce jeudi 6 novembre 2025 sur France Inter. Invit\u00e9 de la matinale, Laurent Nu\u00f1ez, ministre&hellip;\n","protected":false},"author":2,"featured_media":515547,"comment_status":"","ping_status":"","sticky":false,"template":"","format":"standard","meta":{"footnotes":""},"categories":[1356],"tags":[27439,58,59,1011,27,252,1364],"class_list":{"0":"post-515546","1":"post","2":"type-post","3":"status-publish","4":"format-standard","5":"has-post-thumbnail","7":"category-television","8":"tag-benjamin-duhamel","9":"tag-divertissement","10":"tag-entertainment","11":"tag-fr","12":"tag-france","13":"tag-television","14":"tag-tv"},"share_on_mastodon":{"url":"https:\/\/pubeurope.com\/@fr\/115502017644067160","error":""},"_links":{"self":[{"href":"https:\/\/www.europesays.com\/fr\/wp-json\/wp\/v2\/posts\/515546","targetHints":{"allow":["GET"]}}],"collection":[{"href":"https:\/\/www.europesays.com\/fr\/wp-json\/wp\/v2\/posts"}],"about":[{"href":"https:\/\/www.europesays.com\/fr\/wp-json\/wp\/v2\/types\/post"}],"author":[{"embeddable":true,"href":"https:\/\/www.europesays.com\/fr\/wp-json\/wp\/v2\/users\/2"}],"replies":[{"embeddable":true,"href":"https:\/\/www.europesays.com\/fr\/wp-json\/wp\/v2\/comments?post=515546"}],"version-history":[{"count":0,"href":"https:\/\/www.europesays.com\/fr\/wp-json\/wp\/v2\/posts\/515546\/revisions"}],"wp:featuredmedia":[{"embeddable":true,"href":"https:\/\/www.europesays.com\/fr\/wp-json\/wp\/v2\/media\/515547"}],"wp:attachment":[{"href":"https:\/\/www.europesays.com\/fr\/wp-json\/wp\/v2\/media?parent=515546"}],"wp:term":[{"taxonomy":"category","embeddable":true,"href":"https:\/\/www.europesays.com\/fr\/wp-json\/wp\/v2\/categories?post=515546"},{"taxonomy":"post_tag","embeddable":true,"href":"https:\/\/www.europesays.com\/fr\/wp-json\/wp\/v2\/tags?post=515546"}],"curies":[{"name":"wp","href":"https:\/\/api.w.org\/{rel}","templated":true}]}}