{"id":515550,"date":"2025-11-06T09:22:13","date_gmt":"2025-11-06T09:22:13","guid":{"rendered":"https:\/\/www.europesays.com\/fr\/515550\/"},"modified":"2025-11-06T09:22:13","modified_gmt":"2025-11-06T09:22:13","slug":"predator-badlands-alien-vs-predator-commence-la-que-vous-le-vouliez-ou-non","status":"publish","type":"post","link":"https:\/\/www.europesays.com\/fr\/515550\/","title":{"rendered":"Predator : Badlands &#8211; Alien vs Predator commence l\u00e0, que vous le vouliez ou non"},"content":{"rendered":"<p><strong><a href=\"https:\/\/www.ecranlarge.com\/films\/predator-badlands\" data-type=\"films\" data-id=\"1239100\" rel=\"nofollow noopener\" target=\"_blank\">Predator : Badlands<\/a>, r\u00e9alis\u00e9 par Dan Trachtenberg, est sorti au cin\u00e9ma et un constat s\u2019impose : le futur Alien vs Predator commence ici, qu\u2019on le veuille ou non. <\/strong><\/p>\n<p>Avec le nouveau <strong>Predator : Badlands<\/strong>, port\u00e9 par <a href=\"https:\/\/www.ecranlarge.com\/personnalite\/dimitrius-schuster-koloamatangi\" data-type=\"people\" data-id=\"1320588\" rel=\"nofollow noopener\" target=\"_blank\">Dimitrius Schuster-Koloamatangi<\/a> (qui porte lui-m\u00eame <a href=\"https:\/\/www.ecranlarge.com\/personnalite\/672538-elle-fanning\" data-type=\"people\" data-id=\"2623\" rel=\"nofollow noopener\" target=\"_blank\">Elle Fanning<\/a> sur son dos), la franchise de science-fiction revient au cin\u00e9ma pour la premi\u00e8re fois depuis 2018 et le d\u00e9sastre <strong>The Predator<\/strong> de Shane Black. C\u2019est donc \u00e0 la fois le septi\u00e8me film de la saga, hors <strong>Alien vs Predator<\/strong>, et le premier long-m\u00e9trage de l\u2019\u00e8re Disney \u00e0 sortir sur grand \u00e9cran, les pr\u00e9c\u00e9dents <strong><a href=\"https:\/\/www.ecranlarge.com\/films\/1357377-predator-5\" data-type=\"films\" data-id=\"690080\" rel=\"nofollow noopener\" target=\"_blank\">Prey <\/a><\/strong>et <strong><a href=\"https:\/\/www.ecranlarge.com\/films\/untitled-secret-predator-film\" data-type=\"films\" data-id=\"1229644\" rel=\"nofollow noopener\" target=\"_blank\">Predator : Killer of Killers<\/a><\/strong> \u00e9tant tous les deux arriv\u00e9s directement sur Hulu (via la plateforme Disney+). <\/p>\n<p>                    <img decoding=\"async\" alt=\"\" class=\"wp-image-518375\" style=\"object-fit:cover;width:25px;height:25px\" src=\"https:\/\/www.ecranlarge.com\/content\/uploads\/2023\/09\/arrow-right-circle.svg\"\/><\/p>\n<p><a href=\"https:\/\/www.ecranlarge.com\/personnalite\/808258-dan-trachtenberg\" data-type=\"people\" data-id=\"442995\" rel=\"nofollow noopener\" target=\"_blank\">Dan Trachtenberg<\/a>, le nouvel architecte en chef de l\u2019univers des Yautja, est de nouveau \u00e0 bord en tant que sc\u00e9nariste et r\u00e9alisateur. \u00c0 d\u00e9faut de pleinement r\u00e9inventer la saga \u2013 malgr\u00e9 son protagoniste extraterrestre (et l\u2019absence totale d\u2019humains \u00e0 l\u2019\u00e9cran) -, le cin\u00e9aste a clairement ouvert la porte \u00e0 un futur film et crossover <strong>Alien vs Predator<\/strong>, qu\u2019on le veuille ou non.\u00a0Pour le reste, <strong>Predator : <\/strong><strong>Badlands <\/strong>est une aventure divertissante qui r\u00e9ussit \u00e0 \u00e9tendre un peu la toile de SF (contrairement au rat\u00e9 <strong>Predators <\/strong>de 2010), quoique redondante d\u00e8s qu\u2019on se penche un peu trop sur le traitement des deux protagonistes\u2026<\/p>\n<p>On parle de tout \u00e7a en vid\u00e9o. <\/p>\n","protected":false},"excerpt":{"rendered":"Predator : Badlands, r\u00e9alis\u00e9 par Dan Trachtenberg, est sorti au cin\u00e9ma et un constat s\u2019impose : le futur&hellip;\n","protected":false},"author":2,"featured_media":515551,"comment_status":"","ping_status":"","sticky":false,"template":"","format":"standard","meta":{"footnotes":""},"categories":[1354],"tags":[58,59,1346,1011,27,1360],"class_list":{"0":"post-515550","1":"post","2":"type-post","3":"status-publish","4":"format-standard","5":"has-post-thumbnail","7":"category-films","8":"tag-divertissement","9":"tag-entertainment","10":"tag-films","11":"tag-fr","12":"tag-france","13":"tag-movies"},"share_on_mastodon":{"url":"https:\/\/pubeurope.com\/@fr\/115502026170361330","error":""},"_links":{"self":[{"href":"https:\/\/www.europesays.com\/fr\/wp-json\/wp\/v2\/posts\/515550","targetHints":{"allow":["GET"]}}],"collection":[{"href":"https:\/\/www.europesays.com\/fr\/wp-json\/wp\/v2\/posts"}],"about":[{"href":"https:\/\/www.europesays.com\/fr\/wp-json\/wp\/v2\/types\/post"}],"author":[{"embeddable":true,"href":"https:\/\/www.europesays.com\/fr\/wp-json\/wp\/v2\/users\/2"}],"replies":[{"embeddable":true,"href":"https:\/\/www.europesays.com\/fr\/wp-json\/wp\/v2\/comments?post=515550"}],"version-history":[{"count":0,"href":"https:\/\/www.europesays.com\/fr\/wp-json\/wp\/v2\/posts\/515550\/revisions"}],"wp:featuredmedia":[{"embeddable":true,"href":"https:\/\/www.europesays.com\/fr\/wp-json\/wp\/v2\/media\/515551"}],"wp:attachment":[{"href":"https:\/\/www.europesays.com\/fr\/wp-json\/wp\/v2\/media?parent=515550"}],"wp:term":[{"taxonomy":"category","embeddable":true,"href":"https:\/\/www.europesays.com\/fr\/wp-json\/wp\/v2\/categories?post=515550"},{"taxonomy":"post_tag","embeddable":true,"href":"https:\/\/www.europesays.com\/fr\/wp-json\/wp\/v2\/tags?post=515550"}],"curies":[{"name":"wp","href":"https:\/\/api.w.org\/{rel}","templated":true}]}}