{"id":515555,"date":"2025-11-06T09:25:12","date_gmt":"2025-11-06T09:25:12","guid":{"rendered":"https:\/\/www.europesays.com\/fr\/515555\/"},"modified":"2025-11-06T09:25:12","modified_gmt":"2025-11-06T09:25:12","slug":"dans-die-my-love-jennifer-lawrence-a-refuse-quon-efface-sa-cellulite","status":"publish","type":"post","link":"https:\/\/www.europesays.com\/fr\/515555\/","title":{"rendered":"Dans \u00ab\u00a0Die My Love\u00a0\u00bb, Jennifer Lawrence a refus\u00e9 qu\u2019on efface sa cellulite"},"content":{"rendered":"<p>        <img decoding=\"async\" loading=\"lazy\" src=\"https:\/\/www.europesays.com\/fr\/wp-content\/uploads\/2025\/11\/9ff4744_upload-1-ic72rmmx7ym3-afp-20251020-79ex8tk-v2-highres-topshotitalycinemaromefestival.jpg\"  width=\"728\" height=\"410\" alt=\"Jennifer Lawrence sur le tapis rouge de \u00ab\u00a0Die My Love\u00a0\u00bb au Festival international du film de Rome le 20\u00a0octobre\u00a02025.\"\/>  <\/p>\n<p>ALBERTO PIZZOLI \/ AFP<\/p>\n<p>Jennifer Lawrence sur le tapis rouge de \u00ab\u00a0Die My Love\u00a0\u00bb au Festival international du film de Rome le 20\u00a0octobre\u00a02025.<\/p>\n<p class=\"asset asset-text\">CIN\u00c9MA &#8211; Un geste anodin, mais fort de sens. Jennifer Lawrence est \u00e0 l\u2019affiche de <a href=\"https:\/\/www.huffingtonpost.fr\/culture\/article\/festival-de-cannes-2025-die-my-love-n-est-pas-sur-le-post-partum-selon-sa-realisatrice-lynne-ramsay_250268.html\" target=\"_blank\" rel=\"noopener\">Die My Love<\/a> avec <a href=\"https:\/\/www.huffingtonpost.fr\/culture\/article\/robert-pattinson-espere-que-le-tournage-de-batman-2-commencera-au-plus-vite-se-sentant-deja-vieux_247037.html\" target=\"_blank\" rel=\"noopener\">Robert Pattinson<\/a>, et elle a tenu \u00e0 ce que son corps ne soit pas retouch\u00e9. Dans le film de Lynne Ramsay, pr\u00e9sent\u00e9 au Festival de Cannes mais pas encore sorti en salles, les deux acteurs apparaissent enti\u00e8rement nus \u00e0 plusieurs reprises.<\/p>\n<p class=\"asset asset-text\">Lors d\u2019une projection en avant-premi\u00e8re \u00e0 New York le 3\u00a0octobre, l\u2019actrice de 35\u00a0ans a expliqu\u00e9 n\u2019avoir eu aucun probl\u00e8me \u00e0 jouer ces sc\u00e8nes\u00a0: \u00ab\u00a0Je me fiche de la nudit\u00e9. \u00c7a ne me d\u00e9range pas. Je voulais que Lynne ait une libert\u00e9 artistique totale\u00a0\u00bb, explique <a href=\"https:\/\/www.huffingtonpost.fr\/culture\/video\/jennifer-lawrence-a-vecu-un-post-partum-complique-et-pas-que-dans-le-film-die-my-love-a-cannes_250217.html\" target=\"_blank\" rel=\"noopener\">Jennifer Lawrence<\/a> dans une vid\u00e9o film\u00e9e par le m\u00e9dia am\u00e9ricain Vulture.<\/p>\n<p class=\"asset asset-text\">Die My Love raconte la descente aux enfers d\u2019une femme en pleine <a href=\"https:\/\/www.huffingtonpost.fr\/life\/article\/la-depression-post-partum-touche-aussi-les-peres-je-faisais-en-sorte-de-ne-pas-m-occuper-de-mon-fils_226361.html\" target=\"_blank\" rel=\"noopener\">d\u00e9pression post-partum<\/a>, alors qu\u2019elle vit avec son conjoint et son nouveau-n\u00e9, isol\u00e9s \u00e0 la campagne. L\u2019actrice est elle-m\u00eame m\u00e8re de deux enfants, n\u00e9s en 2022 et 2025. Selon elle, sa grossesse l\u2019a lib\u00e9r\u00e9e sur son rapport \u00e0 son image. \u00ab\u00a0Je pense que le fait d\u2019\u00eatre enceinte m\u2019a d\u00e9barrass\u00e9e de beaucoup d\u2019angoisses li\u00e9es \u00e0 la vanit\u00e9\u00a0\u00bb, dit-elle.<\/p>\n<p> La lecture de ce contenu est susceptible d\u2019entra\u00eener un d\u00e9p\u00f4t de cookies de la part de l\u2019op\u00e9rateur tiers qui l\u2019h\u00e9berge. Compte-tenu des choix que vous avez exprim\u00e9s en mati\u00e8re de d\u00e9p\u00f4t de cookies, nous avons bloqu\u00e9 l\u2019affichage de ce contenu. Si vous souhaitez y acc\u00e9der, vous devez accepter la cat\u00e9gorie de cookies \u201cContenus tiers\u201d en cliquant sur le bouton ci-dessous. <\/p>\n<p> Lire la Vid\u00e9o        <\/p>\n<p class=\"asset asset-text\"><a href=\"https:\/\/www.huffingtonpost.fr\/culture\/article\/jennifer-lawrence-s-exprime-sur-la-guerre-a-gaza-rien-de-moins-qu-un-genocide_255301.html\" target=\"_blank\" rel=\"noopener\">Jennifer Lawrence<\/a> a racont\u00e9 que pour son film pr\u00e9c\u00e9dent, Le Challenge, sorti en 2023\u00a0et dans lequel des parents la payent pour s\u00e9duire leur fils de 19\u00a0ans, elle a suivi un r\u00e9gime, ne mangeait pas de glucides et faisait beaucoup de sport. Pour Die My Love, il en \u00e9tait hors de question\u00a0: \u00ab\u00a0J\u2019\u00e9tais enceinte. Qu\u2019est-ce que j\u2019allais faire\u00a0? Ne pas manger\u00a0? Je travaillais 15\u00a0heures par jour. J\u2019\u00e9tais juste fatigu\u00e9e\u00a0\u00bb, se rappelle-t-elle.<\/p>\n<p class=\"asset asset-text\">Naturellement, son physique a chang\u00e9, mais Jennifer Lawrence n\u2019en avait que faire\u00a0: \u00ab\u00a0Je me suis sentie vraiment lib\u00e9r\u00e9e. Je me souviens qu\u2019ils m\u2019ont envoy\u00e9 un gros plan de cellulite et m\u2019ont demand\u00e9\u00a0: \u201cTu veux qu\u2019on retouche \u00e7a\u00a0?\u201d\u00a0.\u00bb Avec le franc-parler qui la caract\u00e9rise, l\u2019actrice a simplement r\u00e9pondu aux \u00e9quipes de postproduction\u00a0: \u00ab\u00a0Non. C\u2019est un cul.\u00a0\u00bb Et \u00e0 l\u2019\u00e8re des r\u00e9seaux sociaux et du culte du corps parfait, voir une paire de fesses normale sur grand \u00e9cran peut lib\u00e9rer beaucoup de spectatrices.<\/p>\n","protected":false},"excerpt":{"rendered":"ALBERTO PIZZOLI \/ AFP Jennifer Lawrence sur le tapis rouge de \u00ab\u00a0Die My Love\u00a0\u00bb au Festival international du&hellip;\n","protected":false},"author":2,"featured_media":515556,"comment_status":"","ping_status":"","sticky":false,"template":"","format":"standard","meta":{"footnotes":""},"categories":[8],"tags":[63616,650,58,59,1011,27,22563,973],"class_list":{"0":"post-515555","1":"post","2":"type-post","3":"status-publish","4":"format-standard","5":"has-post-thumbnail","7":"category-divertissement","8":"tag-cellulite","9":"tag-cinema","10":"tag-divertissement","11":"tag-entertainment","12":"tag-fr","13":"tag-france","14":"tag-jennifer-lawrence","15":"tag-people"},"share_on_mastodon":{"url":"https:\/\/pubeurope.com\/@fr\/115502039932636630","error":""},"_links":{"self":[{"href":"https:\/\/www.europesays.com\/fr\/wp-json\/wp\/v2\/posts\/515555","targetHints":{"allow":["GET"]}}],"collection":[{"href":"https:\/\/www.europesays.com\/fr\/wp-json\/wp\/v2\/posts"}],"about":[{"href":"https:\/\/www.europesays.com\/fr\/wp-json\/wp\/v2\/types\/post"}],"author":[{"embeddable":true,"href":"https:\/\/www.europesays.com\/fr\/wp-json\/wp\/v2\/users\/2"}],"replies":[{"embeddable":true,"href":"https:\/\/www.europesays.com\/fr\/wp-json\/wp\/v2\/comments?post=515555"}],"version-history":[{"count":0,"href":"https:\/\/www.europesays.com\/fr\/wp-json\/wp\/v2\/posts\/515555\/revisions"}],"wp:featuredmedia":[{"embeddable":true,"href":"https:\/\/www.europesays.com\/fr\/wp-json\/wp\/v2\/media\/515556"}],"wp:attachment":[{"href":"https:\/\/www.europesays.com\/fr\/wp-json\/wp\/v2\/media?parent=515555"}],"wp:term":[{"taxonomy":"category","embeddable":true,"href":"https:\/\/www.europesays.com\/fr\/wp-json\/wp\/v2\/categories?post=515555"},{"taxonomy":"post_tag","embeddable":true,"href":"https:\/\/www.europesays.com\/fr\/wp-json\/wp\/v2\/tags?post=515555"}],"curies":[{"name":"wp","href":"https:\/\/api.w.org\/{rel}","templated":true}]}}