{"id":515572,"date":"2025-11-06T09:35:15","date_gmt":"2025-11-06T09:35:15","guid":{"rendered":"https:\/\/www.europesays.com\/fr\/515572\/"},"modified":"2025-11-06T09:35:15","modified_gmt":"2025-11-06T09:35:15","slug":"au-pradet-linstitut-medico-educatif-bellestello-au-coeur-de-linclusion","status":"publish","type":"post","link":"https:\/\/www.europesays.com\/fr\/515572\/","title":{"rendered":"Au Pradet, l\u2019Institut M\u00e9dico Educatif Bell\u2019Estello au c\u0153ur de l\u2019inclusion"},"content":{"rendered":"<p>                    <img loading=\"lazy\" decoding=\"async\" src=\"https:\/\/www.europesays.com\/fr\/wp-content\/uploads\/2025\/11\/c7876d57386527f5bb98ad5b9f44e9.jpg\" class=\"img-responsive post-image\" width=\"680\" height=\"510\" alt=\"Au Pradet, l'Institut (\u2026)\" title=\"Au Pradet, l'Institut M\u00e9dico Educatif Bell'Estello au c\u0153ur de l'inclusion\"\/><\/p>\n<p class=\"chapo\">Derni\u00e8rement, l\u2019IME a organis\u00e9 une journ\u00e9e portes ouvertes de sa boutique de seconde main, un projet ambitieux port\u00e9 par ses jeunes r\u00e9sidents.<\/p>\n<p class=\"texte\">Cr\u00e9\u00e9e il y a trois ans, cette boutique, situ\u00e9e au c\u0153ur de l\u2019Institut Bell\u2019Estello, permet aux enfants et adolescents de disposer d\u2019un espace o\u00f9 trouver des v\u00eatements de qualit\u00e9 \u00e0 moindre co\u00fbt, tout en apprenant \u00e0 g\u00e9rer un commerce de mani\u00e8re autonome. Le concept est simple puisque les v\u00eatements sont issus de dons et la boutique fonctionne selon un syst\u00e8me de troc ou d\u2019\u00e9change de services. Les jeunes assurent eux-m\u00eames la gestion et la vente, ce qui constitue pour eux une v\u00e9ritable exp\u00e9rience \u00e9ducative et formatrice.<\/p>\n<p>La journ\u00e9e a \u00e9t\u00e9 marqu\u00e9e par la visite d\u2019<strong>Herv\u00e9 Stassinos<\/strong>, le premier magistrat, accompagn\u00e9 de l\u2019\u00e9lu au handicap, <strong>\u00c9ric Galiano<\/strong>. Ils ont salu\u00e9 l\u2019engagement des jeunes et ont effectu\u00e9 un achat sous les yeux ravis des enfants\u00a0: \u00ab\u00a0Ce projet, fruit de plusieurs ann\u00e9es de travail et de collaboration, illustre parfaitement l\u2019esprit d\u2019initiative et l\u2019autonomie que l\u2019Institut souhaite inculquer \u00e0 ses jeunes. La future ouverture de la boutique dans le centre de Hy\u00e8res devrait permettre de poursuivre ces objectifs \u00e0 plus grande \u00e9chelle, tout en renfor\u00e7ant les liens entre l\u2019institut et la population locale. C\u2019est pourquoi, La ville apporte son soutien aux diff\u00e9rents projets d\u00e8s que cela est possible \u00a0\u00bb, a pr\u00e9cis\u00e9 Herv\u00e9 Stassinos.<\/p>\n<p>Lors de cette journ\u00e9e, un <strong>salon de th\u00e9 \u00e9ph\u00e9m\u00e8re a \u00e9t\u00e9 propos\u00e9 par les enfants<\/strong>. G\u00e2teaux, boissons, d\u00e9coration et vente ont \u00e9t\u00e9 r\u00e9alis\u00e9s par les jeunes, d\u00e9montrant leur cr\u00e9ativit\u00e9 et leur sens des responsabilit\u00e9s. Cette initiative avait pour objectif de pr\u00e9parer l\u2019\u00e9tape suivante, c\u2019est \u00e0 dire l\u2019installation d\u2019une boutique ouverte au public et d\u2019un salon de th\u00e9 \u00e0 Hy\u00e8res. Un projet ambitieux visant \u00e0 favoriser l\u2019inclusion et \u00e0 offrir aux jeunes une exp\u00e9rience concr\u00e8te de la vie professionnelle et citoyenne.<\/p>\n<p>Photo de Une \u00a9PRESSE AGENCE<\/p>\n","protected":false},"excerpt":{"rendered":"Derni\u00e8rement, l\u2019IME a organis\u00e9 une journ\u00e9e portes ouvertes de sa boutique de seconde main, un projet ambitieux port\u00e9&hellip;\n","protected":false},"author":2,"featured_media":515573,"comment_status":"","ping_status":"","sticky":false,"template":"","format":"standard","meta":{"footnotes":""},"categories":[9619],"tags":[1111,11,2408,1777,674,1011,27,12,882,25,2310],"class_list":{"0":"post-515572","1":"post","2":"type-post","3":"status-publish","4":"format-standard","5":"has-post-thumbnail","7":"category-toulon","8":"tag-actu","9":"tag-actualites","10":"tag-appels-d","11":"tag-eu","12":"tag-europe","13":"tag-fr","14":"tag-france","15":"tag-news","16":"tag-provence-alpes-cote-dazur","17":"tag-republique-francaise","18":"tag-toulon"},"share_on_mastodon":{"url":"https:\/\/pubeurope.com\/@fr\/115502077074581559","error":""},"_links":{"self":[{"href":"https:\/\/www.europesays.com\/fr\/wp-json\/wp\/v2\/posts\/515572","targetHints":{"allow":["GET"]}}],"collection":[{"href":"https:\/\/www.europesays.com\/fr\/wp-json\/wp\/v2\/posts"}],"about":[{"href":"https:\/\/www.europesays.com\/fr\/wp-json\/wp\/v2\/types\/post"}],"author":[{"embeddable":true,"href":"https:\/\/www.europesays.com\/fr\/wp-json\/wp\/v2\/users\/2"}],"replies":[{"embeddable":true,"href":"https:\/\/www.europesays.com\/fr\/wp-json\/wp\/v2\/comments?post=515572"}],"version-history":[{"count":0,"href":"https:\/\/www.europesays.com\/fr\/wp-json\/wp\/v2\/posts\/515572\/revisions"}],"wp:featuredmedia":[{"embeddable":true,"href":"https:\/\/www.europesays.com\/fr\/wp-json\/wp\/v2\/media\/515573"}],"wp:attachment":[{"href":"https:\/\/www.europesays.com\/fr\/wp-json\/wp\/v2\/media?parent=515572"}],"wp:term":[{"taxonomy":"category","embeddable":true,"href":"https:\/\/www.europesays.com\/fr\/wp-json\/wp\/v2\/categories?post=515572"},{"taxonomy":"post_tag","embeddable":true,"href":"https:\/\/www.europesays.com\/fr\/wp-json\/wp\/v2\/tags?post=515572"}],"curies":[{"name":"wp","href":"https:\/\/api.w.org\/{rel}","templated":true}]}}