{"id":515575,"date":"2025-11-06T09:37:10","date_gmt":"2025-11-06T09:37:10","guid":{"rendered":"https:\/\/www.europesays.com\/fr\/515575\/"},"modified":"2025-11-06T09:37:10","modified_gmt":"2025-11-06T09:37:10","slug":"appel-a-temoins-apres-un-accident-avec-delit-de-fuite","status":"publish","type":"post","link":"https:\/\/www.europesays.com\/fr\/515575\/","title":{"rendered":"appel \u00e0 t\u00e9moins apr\u00e8s un accident avec d\u00e9lit de fuite"},"content":{"rendered":"<p>            Par<br \/>\n        <strong><br \/>\n            <a href=\"https:\/\/actu.fr\/auteur\/metropoop\" title=\"Consulter tous les articles de R\u00e9daction M\u00e9tropolitain\" target=\"_blank\" rel=\"noopener\">R\u00e9daction M\u00e9tropolitain<\/a><br \/>\n        <\/strong><\/p>\n<p>        Publi\u00e9 le<\/p>\n<p>            6 nov. 2025 \u00e0 9h32<br \/>\n        ; mis \u00e0 jour le 6 nov. 2025 \u00e0 10h37    <\/p>\n<p>Une famille h\u00e9raultaise lance un appel \u00e0 t\u00e9moins, apr\u00e8s un accident corporel de la circulation survenu le vendredi 24 octobre 2025, vers 6h50, dans le rond-point Georges-Pompidou, l\u2019axe de <strong>la RM 65 <\/strong>reliant Clapiers \u00e0 Vendargues, dans la commune de <strong>Castelnau-le-Lez<\/strong>, au nord-est de Montpellier.<\/p>\n<p>    <a href=\"https:\/\/www.google.com\/maps\/embed?pb=!1m18!1m12!1m3!1d53439.48347068386!2d3.8372974186243844!3d43.637209756556445!2m3!1f0!2f0!3f0!3m2!1i1024!2i768!4f13.1!3m3!1m2!1s0x12b6a5f09796051d%3A0x4078821166acb80!2s34170%20Castelnau-le-Lez!5e0!3m2!1sfr!2sfr!4v1762417635385!5m2!1sfr!2sfr\" title=\"Ouvrie le lien\" target=\"_blank\" rel=\"noopener\">Cliquez ici pour visualiser le contenu<\/a><\/p>\n<p class=\" wall-content\">Une\u00a0conductrice\u00a0a \u00e9t\u00e9 percut\u00e9e par un v\u00e9hicule arrivant de Clapiers, alors qu\u2019elle partait travailler. Le conducteur a pris la fuite, la laissant coinc\u00e9e dans sa voiture renvers\u00e9e, suspendue t\u00eate en bas, jusqu\u2019\u00e0 l\u2019arriv\u00e9e des secours. Fort heureusement, elle n\u2019a \u00e9t\u00e9 que l\u00e9g\u00e8rement bless\u00e9e. Les <strong>gendarmes<\/strong> de la compagnie de Castelnau-le-Lez sont intervenus avec les sapeurs-pompiers du <strong>Sdis 34.<\/strong><\/p>\n<p class=\" wall-content\">Si vous \u00e9tiez dans le secteur \u00e0 ce moment-l\u00e0, si vous avez vu quelque chose, entendu parler de l\u2019accident, ou remarqu\u00e9 un v\u00e9hicule endommag\u00e9 depuis, notamment si vous \u00eates garagiste ou carrossier, <strong>prenez contact avec la conductrice au 06 66 32 99 72<\/strong>.\u00a0Toute information, m\u00eame minime, peut aider \u00e0 identifier le conducteur et faire avancer l\u2019enqu\u00eate.<\/p>\n<p class=\" wall-content\">Personnalisez votre actualit\u00e9 en ajoutant vos villes et m\u00e9dias en favori avec <a href=\"https:\/\/moncompte.actu.fr\" title=\"D\u00e9couvez Mon Actu\" rel=\"nofollow noopener\" data-trk=\"{&quot;cta&quot;:{&quot;action&quot;:&quot;https:\\\/\\\/moncompte.actu.fr&quot;,&quot;category&quot;:&quot;mon compte&quot;,&quot;from&quot;:&quot;article footer&quot;,&quot;name&quot;:&quot;Mon actu&quot;,&quot;type&quot;:&quot;cta&quot;}}\" target=\"_blank\">Mon Actu<\/a>.<\/p>\n","protected":false},"excerpt":{"rendered":"Par R\u00e9daction M\u00e9tropolitain Publi\u00e9 le 6 nov. 2025 \u00e0 9h32 ; mis \u00e0 jour le 6 nov. 2025&hellip;\n","protected":false},"author":2,"featured_media":515576,"comment_status":"","ping_status":"","sticky":false,"template":"","format":"standard","meta":{"footnotes":""},"categories":[9599],"tags":[1111,11,1777,674,118,1011,27,3381,2208,12,2680,1311,25],"class_list":{"0":"post-515575","1":"post","2":"type-post","3":"status-publish","4":"format-standard","5":"has-post-thumbnail","7":"category-montpellier","8":"tag-actu","9":"tag-actualites","10":"tag-eu","11":"tag-europe","12":"tag-faits-divers","13":"tag-fr","14":"tag-france","15":"tag-gendarmerie","16":"tag-montpellier","17":"tag-news","18":"tag-occitanie","19":"tag-pompiers","20":"tag-republique-francaise"},"share_on_mastodon":{"url":"https:\/\/pubeurope.com\/@fr\/115502084580726172","error":""},"_links":{"self":[{"href":"https:\/\/www.europesays.com\/fr\/wp-json\/wp\/v2\/posts\/515575","targetHints":{"allow":["GET"]}}],"collection":[{"href":"https:\/\/www.europesays.com\/fr\/wp-json\/wp\/v2\/posts"}],"about":[{"href":"https:\/\/www.europesays.com\/fr\/wp-json\/wp\/v2\/types\/post"}],"author":[{"embeddable":true,"href":"https:\/\/www.europesays.com\/fr\/wp-json\/wp\/v2\/users\/2"}],"replies":[{"embeddable":true,"href":"https:\/\/www.europesays.com\/fr\/wp-json\/wp\/v2\/comments?post=515575"}],"version-history":[{"count":0,"href":"https:\/\/www.europesays.com\/fr\/wp-json\/wp\/v2\/posts\/515575\/revisions"}],"wp:featuredmedia":[{"embeddable":true,"href":"https:\/\/www.europesays.com\/fr\/wp-json\/wp\/v2\/media\/515576"}],"wp:attachment":[{"href":"https:\/\/www.europesays.com\/fr\/wp-json\/wp\/v2\/media?parent=515575"}],"wp:term":[{"taxonomy":"category","embeddable":true,"href":"https:\/\/www.europesays.com\/fr\/wp-json\/wp\/v2\/categories?post=515575"},{"taxonomy":"post_tag","embeddable":true,"href":"https:\/\/www.europesays.com\/fr\/wp-json\/wp\/v2\/tags?post=515575"}],"curies":[{"name":"wp","href":"https:\/\/api.w.org\/{rel}","templated":true}]}}