{"id":515591,"date":"2025-11-06T09:45:11","date_gmt":"2025-11-06T09:45:11","guid":{"rendered":"https:\/\/www.europesays.com\/fr\/515591\/"},"modified":"2025-11-06T09:45:11","modified_gmt":"2025-11-06T09:45:11","slug":"voici-le-programme-de-cette-journee-festive","status":"publish","type":"post","link":"https:\/\/www.europesays.com\/fr\/515591\/","title":{"rendered":"voici le programme de cette journ\u00e9e festive"},"content":{"rendered":"<p>            Par<br \/>\n        <strong><br \/>\n            <a href=\"https:\/\/actu.fr\/auteur\/ivan-capecchi\" title=\"Consulter tous les articles de Ivan CAPECCHI\" target=\"_blank\" rel=\"noopener\">Ivan CAPECCHI<\/a><br \/>\n        <\/strong><\/p>\n<p>        Publi\u00e9 le<\/p>\n<p>            6 nov. 2025 \u00e0 10h37<br \/>\n        ; mis \u00e0 jour le 6 nov. 2025 \u00e0 10h39    <\/p>\n<p>Apr\u00e8s deux ans de <a href=\"https:\/\/actu.fr\/tag\/travaux\" target=\"_blank\" rel=\"noopener\">travaux<\/a>, la <strong>branche ouest de la ligne F du tramway<\/strong>, reliant <strong>Strasbourg<\/strong> \u00e0 <strong>Eckbolsheim<\/strong> et <strong>Wolfisheim<\/strong>, sera <a href=\"https:\/\/actu.fr\/grand-est\/strasbourg_67482\/strasbourg-extension-du-tram-vers-l-ouest-la-mise-en-service-annoncee-pour-novembre-2025_62537870.html\" target=\"_blank\" rel=\"noopener\">mise en service le 15 novembre 2025<\/a>. Huit <a href=\"https:\/\/actu.fr\/grand-est\/strasbourg_67482\/strasbourg-extension-du-tram-vers-l-ouest-les-noms-des-stations-devoiles_62183447.html\" target=\"_blank\" rel=\"noopener\">nouvelles stations<\/a> desserviront d\u00e9sormais le Z\u00e9nith, plusieurs zones d\u2019activit\u00e9s et des quartiers r\u00e9sidentiels. Un <strong>parking-relais de 100 places<\/strong> a \u00e9t\u00e9 am\u00e9nag\u00e9 au terminus de Wolfisheim. L\u2019inauguration aura lieu ce samedi \u00e0 partir de 10h au<strong> P+R Henri-Rendu<\/strong>, avec diverses <a href=\"https:\/\/actu.fr\/tag\/animations\" target=\"_blank\" rel=\"noopener\">animations<\/a>. On vous d\u00e9voile en exclusivit\u00e9 le <strong>programme d\u00e9taill\u00e9<\/strong> de cette journ\u00e9e festive.<\/p>\n<p>D\u00e9mo de BMX et spectacle d\u2019\u00e9chassiers<\/p>\n<p class=\" wall-content\">Le principal temps fort se d\u00e9roulera au parking-relais du terminus de Wolfisheim. D\u00e8s 10h, le public sera accueilli autour d\u2019un <strong>caf\u00e9<\/strong>, avec des <strong>animations<\/strong> et une <strong>d\u00e9monstration du champion du monde de BMX<\/strong>. La compagnie <strong>La Trappe \u00e0 Ressorts<\/strong> proposera ensuite un <strong>spectacle d\u2019\u00e9chassiers<\/strong>, accompagn\u00e9 <strong>d\u2019interventions humoristiques<\/strong> autour du projet de tram.<\/p>\n<p>Prises de parole d\u2019\u00e9lus et canon \u00e0 confettis<\/p>\n<p class=\" wall-content\">\u00c0 partir de 10h15, plusieurs <strong>prises de parole<\/strong> sont pr\u00e9vues : le <strong>pr\u00e9sident de la CTS<\/strong>, les <strong>maires de Wolfisheim, Eckbolsheim et Strasbourg<\/strong>, la <a href=\"https:\/\/actu.fr\/grand-est\/strasbourg_67482\/pia-imbs-presidente-de-l-eurometropole-de-strasbourg-mon-mandat-a-ete-celui-de-la-transformation_63341875.html\" target=\"_blank\" rel=\"noopener\">pr\u00e9sidente de l\u2019Eurom\u00e9tropole<\/a>, puis le <strong>pr\u00e9fet du Bas-Rhin<\/strong>.<\/p>\n<p class=\" wall-content\">Un geste inaugural suivra, marqu\u00e9 par <strong>le passage d\u2019une rame \u00e0 travers des confettis<\/strong>.<\/p>\n<p class=\" wall-content\">Les \u00e9lus monteront ensuite \u00e0 bord d\u2019un <a href=\"https:\/\/actu.fr\/tag\/tram-ouest-strasbourg\" target=\"_blank\" rel=\"noopener\">tram ouest<\/a> floqu\u00e9 aux couleurs de l\u2019\u00e9v\u00e9nement pour rejoindre le centre-ville de Strasbourg et descendront \u00e0 l\u2019<strong>arr\u00eat Homme de Fer<\/strong>.<\/p>\n<p>Votre r\u00e9gion, votre actu !<\/p>\n<p>Recevez chaque jour les infos qui comptent pour vous.<\/p>\n<p>\t<a href=\"https:\/\/actu.fr\/newsletter\" class=\"ac-btn ac-btn--corner ac-btn--medium ac-btn--blue800\" target=\"_blank\" rel=\"noopener\">S&rsquo;incrire<\/a><br \/>\nL\u2019ensemble du r\u00e9seau CTS gratuit les 15 et 16 novembre<\/p>\n<p class=\" wall-content\">Une rencontre, <strong>non ouverte au public<\/strong>, se tiendra ensuite pour remercier les entreprises et partenaires du projet.<\/p>\n<p class=\" wall-content\">\u00c0 noter que le r\u00e9seau CTS sera <a href=\"https:\/\/actu.fr\/grand-est\/strasbourg_67482\/strasbourg-les-transports-seront-gratuits-pour-tous-ces-deux-jours-de-novembre-ce-qu-il-faut-savoir_63378476.html\" target=\"_blank\" rel=\"noopener\">gratuit pour tout le monde<\/a> les 15 et 16 novembre.<\/p>\n<p class=\" wall-content\">Personnalisez votre actualit\u00e9 en ajoutant vos villes et m\u00e9dias en favori avec <a href=\"https:\/\/moncompte.actu.fr\" title=\"D\u00e9couvez Mon Actu\" rel=\"nofollow noopener\" data-trk=\"{&quot;cta&quot;:{&quot;action&quot;:&quot;https:\\\/\\\/moncompte.actu.fr&quot;,&quot;category&quot;:&quot;mon compte&quot;,&quot;from&quot;:&quot;article footer&quot;,&quot;name&quot;:&quot;Mon actu&quot;,&quot;type&quot;:&quot;cta&quot;}}\" target=\"_blank\">Mon Actu<\/a>.<\/p>\n","protected":false},"excerpt":{"rendered":"Par Ivan CAPECCHI Publi\u00e9 le 6 nov. 2025 \u00e0 10h37 ; mis \u00e0 jour le 6 nov. 2025&hellip;\n","protected":false},"author":2,"featured_media":497307,"comment_status":"","ping_status":"","sticky":false,"template":"","format":"standard","meta":{"footnotes":""},"categories":[2820],"tags":[1111,11,1777,674,1011,27,775,12,25,104,853,640,16227,2086],"class_list":{"0":"post-515591","1":"post","2":"type-post","3":"status-publish","4":"format-standard","5":"has-post-thumbnail","7":"category-strasbourg","8":"tag-actu","9":"tag-actualites","10":"tag-eu","11":"tag-europe","12":"tag-fr","13":"tag-france","14":"tag-grand-est","15":"tag-news","16":"tag-republique-francaise","17":"tag-societe","18":"tag-spectacles","19":"tag-strasbourg","20":"tag-tram-ouest-strasbourg","21":"tag-travaux"},"share_on_mastodon":{"url":"https:\/\/pubeurope.com\/@fr\/115502116093684181","error":""},"_links":{"self":[{"href":"https:\/\/www.europesays.com\/fr\/wp-json\/wp\/v2\/posts\/515591","targetHints":{"allow":["GET"]}}],"collection":[{"href":"https:\/\/www.europesays.com\/fr\/wp-json\/wp\/v2\/posts"}],"about":[{"href":"https:\/\/www.europesays.com\/fr\/wp-json\/wp\/v2\/types\/post"}],"author":[{"embeddable":true,"href":"https:\/\/www.europesays.com\/fr\/wp-json\/wp\/v2\/users\/2"}],"replies":[{"embeddable":true,"href":"https:\/\/www.europesays.com\/fr\/wp-json\/wp\/v2\/comments?post=515591"}],"version-history":[{"count":0,"href":"https:\/\/www.europesays.com\/fr\/wp-json\/wp\/v2\/posts\/515591\/revisions"}],"wp:featuredmedia":[{"embeddable":true,"href":"https:\/\/www.europesays.com\/fr\/wp-json\/wp\/v2\/media\/497307"}],"wp:attachment":[{"href":"https:\/\/www.europesays.com\/fr\/wp-json\/wp\/v2\/media?parent=515591"}],"wp:term":[{"taxonomy":"category","embeddable":true,"href":"https:\/\/www.europesays.com\/fr\/wp-json\/wp\/v2\/categories?post=515591"},{"taxonomy":"post_tag","embeddable":true,"href":"https:\/\/www.europesays.com\/fr\/wp-json\/wp\/v2\/tags?post=515591"}],"curies":[{"name":"wp","href":"https:\/\/api.w.org\/{rel}","templated":true}]}}