{"id":5156,"date":"2025-04-06T11:33:08","date_gmt":"2025-04-06T11:33:08","guid":{"rendered":"https:\/\/www.europesays.com\/fr\/5156\/"},"modified":"2025-04-06T11:33:08","modified_gmt":"2025-04-06T11:33:08","slug":"la-reaction-de-bruno-irles-apres-la-victoire-des-girondins-face-a-saint-pryve-1-2","status":"publish","type":"post","link":"https:\/\/www.europesays.com\/fr\/5156\/","title":{"rendered":"La r\u00e9action de Bruno Irl\u00e8s apr\u00e8s la victoire des Girondins face \u00e0 Saint-Pryv\u00e9 (1-2)"},"content":{"rendered":"<p><img decoding=\"async\" src=\"https:\/\/www.europesays.com\/fr\/wp-content\/uploads\/2025\/04\/671_5fe78937dc0c0516c03c3e6ef281424d.jpg\" alt=\"La r\u00e9action de Bruno Irl\u00e8s apr\u00e8s la victoire des Girondins face \u00e0 Saint-Pryv\u00e9 (1-2)\" class=\"img-responsive mt-3\"\/><\/p>\n<p class=\"text-center mb-3\" style=\"font-size: 14px\">\u00a9 Iconsport<\/p>\n<p>      <strong>\u201cOn est capable d\u2019aller chercher des victoires\u201d<\/strong><\/p>\n<p style=\"text-align: justify;\">Bruno Irl\u00e8s : \u00ab\u00a0Soulag\u00e9 par le r\u00e9sultat, tout n\u2019est pas parfait, j\u2019ai une \u00e9quipe malade, il y a de la tension chez les joueurs. Je leur ai parl\u00e9 \u00e0 la mi-temps, je leur ai dit de se calmer.<\/p>\n<p style=\"text-align: justify;\">Ils sont r\u00e9compens\u00e9s ce soir, j\u2019ai demand\u00e9 des sourires. On a \u00e9t\u00e9 assez haut sur le terrain, on n\u2019a pas l\u00e2ch\u00e9, on est capable d\u2019aller chercher des victoires et de revenir dans la partie.\u00a0\u00bb<\/p>\n<p><strong>La prochaine rencontre<\/strong><\/p>\n<p style=\"text-align: justify;\">\u00ab\u00a0\u00c7a se sent que l\u2019\u00e9quipe est sous pression. Une saison se joue sur pas grand-chose. Moi, je voulais avoir ce match contre <a href=\"https:\/\/www.webgirondins.com\/actualite-girondins-n2-les-resultats-et-classement-des-girondins-128636\" target=\"_blank\" rel=\"noopener\">Saint-Malo avec l\u2019opportunit\u00e9 d\u2019avoir encore quelque chose \u00e0 jouer.<\/a>\u00ab\u00a0<\/p>\n<p><strong>\u201cMerdji et Yamb\u00e9r\u00e9, je voulais les piquer\u201d<\/strong><\/p>\n<p style=\"text-align: justify;\">\u00ab\u00a0Concernant Yanis Merdji et C\u00e9dric Yamb\u00e9r\u00e9, c\u2019est un choix, ils n\u2019\u00e9taient pas au niveau ces derni\u00e8res semaines, je voulais les piquer. Ils ont compris ma d\u00e9cision et j\u2019esp\u00e8re qu\u2019ils reviendront plus forts.\u00a0\u00bb<\/p>\n<p>\u00c0 lire aussi &gt;&gt; <strong><a href=\"https:\/\/www.webgirondins.com\/actualite-girondins-girondins-andy-carroll-tous-les-derniers-matchs-seront-des-finales-de-coupe-128639\" target=\"_blank\" rel=\"noopener\">Girondins. Andy Carroll : \u00ab\u00a0Tous les derniers matchs seront des finales de coupe\u00a0\u00bb<\/a><\/strong><\/p>\n<p>Notre podcast court \u00e0 \u00e9couter :<\/p>\n<p>\u00a0<\/p>\n","protected":false},"excerpt":{"rendered":"\u00a9 Iconsport \u201cOn est capable d\u2019aller chercher des victoires\u201d Bruno Irl\u00e8s : \u00ab\u00a0Soulag\u00e9 par le r\u00e9sultat, tout n\u2019est&hellip;\n","protected":false},"author":2,"featured_media":5157,"comment_status":"","ping_status":"","sticky":false,"template":"","format":"standard","meta":{"footnotes":""},"categories":[2],"tags":[11,150,3211,3216,3218,3217,1994,2263,2823,1011,27,1987,3212,12,3051,3214,3210,25,3215,3213,1264],"class_list":{"0":"post-5156","1":"post","2":"type-post","3":"status-publish","4":"format-standard","5":"has-post-thumbnail","7":"category-actualites","8":"tag-actualites","9":"tag-apres","10":"tag-bruno","11":"tag-cinq","12":"tag-consecutives","13":"tag-defaites","14":"tag-entraineur","15":"tag-equipe","16":"tag-face","17":"tag-fr","18":"tag-france","19":"tag-girondins","20":"tag-irles","21":"tag-news","22":"tag-premiere","23":"tag-pryve","24":"tag-reaction","25":"tag-republique-francaise","26":"tag-revenu","27":"tag-saint","28":"tag-victoire"},"share_on_mastodon":{"url":"https:\/\/pubeurope.com\/@fr\/114290806368680215","error":""},"_links":{"self":[{"href":"https:\/\/www.europesays.com\/fr\/wp-json\/wp\/v2\/posts\/5156","targetHints":{"allow":["GET"]}}],"collection":[{"href":"https:\/\/www.europesays.com\/fr\/wp-json\/wp\/v2\/posts"}],"about":[{"href":"https:\/\/www.europesays.com\/fr\/wp-json\/wp\/v2\/types\/post"}],"author":[{"embeddable":true,"href":"https:\/\/www.europesays.com\/fr\/wp-json\/wp\/v2\/users\/2"}],"replies":[{"embeddable":true,"href":"https:\/\/www.europesays.com\/fr\/wp-json\/wp\/v2\/comments?post=5156"}],"version-history":[{"count":0,"href":"https:\/\/www.europesays.com\/fr\/wp-json\/wp\/v2\/posts\/5156\/revisions"}],"wp:featuredmedia":[{"embeddable":true,"href":"https:\/\/www.europesays.com\/fr\/wp-json\/wp\/v2\/media\/5157"}],"wp:attachment":[{"href":"https:\/\/www.europesays.com\/fr\/wp-json\/wp\/v2\/media?parent=5156"}],"wp:term":[{"taxonomy":"category","embeddable":true,"href":"https:\/\/www.europesays.com\/fr\/wp-json\/wp\/v2\/categories?post=5156"},{"taxonomy":"post_tag","embeddable":true,"href":"https:\/\/www.europesays.com\/fr\/wp-json\/wp\/v2\/tags?post=5156"}],"curies":[{"name":"wp","href":"https:\/\/api.w.org\/{rel}","templated":true}]}}