{"id":515600,"date":"2025-11-06T09:50:29","date_gmt":"2025-11-06T09:50:29","guid":{"rendered":"https:\/\/www.europesays.com\/fr\/515600\/"},"modified":"2025-11-06T09:50:29","modified_gmt":"2025-11-06T09:50:29","slug":"des-spectacles-entre-hip-hop-danse-contemporaine-et-danse-africaine-a-nantes-big-city-nantes","status":"publish","type":"post","link":"https:\/\/www.europesays.com\/fr\/515600\/","title":{"rendered":"Des spectacles entre hip-hop, danse contemporaine et danse africaine \u00e0 Nantes \u2013 Big City Nantes"},"content":{"rendered":"<p>6 novembre 2025<\/p>\n<p>\u00b7 Article sponsoris\u00e9<\/p>\n<p><img fetchpriority=\"high\" width=\"527\" height=\"264\" src=\"https:\/\/www.europesays.com\/fr\/wp-content\/uploads\/2025\/11\/1200-600-MM\u00a9streetshuman_4-527x264.jpg\" class=\"attachment-csco-thumbnail-uncropped size-csco-thumbnail-uncropped wp-post-image\" alt=\"Spectacles de danse - M&amp;M \u00a9streetshuman_4\" decoding=\"async\"  \/>\t<img loading=\"lazy\" width=\"1044\" height=\"522\" src=\"https:\/\/www.europesays.com\/fr\/wp-content\/uploads\/2025\/11\/1200-600-MM\u00a9streetshuman_4-1044x522.jpg\" class=\"attachment-csco-large-uncropped size-csco-large-uncropped wp-post-image\" alt=\"Spectacles de danse - M&amp;M \u00a9streetshuman_4\" decoding=\"async\"  \/>\t<\/p>\n<p>\nCr\u00e9dit : \u00a9streetshuman_4\t<\/p>\n<p><strong>Mercredi 12 novembre 2025 \u00e0 20h<\/strong>, cap sur <strong>La Soufflerie (Auditorium \u00e0 Rez\u00e9)<\/strong> pour une soir\u00e9e qui va litt\u00e9ralement faire vibrer le plancher ! Le chor\u00e9graphe <strong>Amala Dianor<\/strong> d\u00e9barque avec <strong>Wo-Man<\/strong> et <strong>M&amp;M<\/strong>, deux spectacles o\u00f9 <strong>hip-hop<\/strong>, <strong>danse contemporaine<\/strong> et <strong>danse africaine<\/strong> se rencontrent, se m\u00e9langent et explosent. Une soir\u00e9e comme un grand bol d\u2019air artistique, entre introspection, puissance et \u00e9motions. Big City t\u2019explique tout \ud83d\ude09<\/p>\n<p><strong>Wo-Man<\/strong> et <strong>M&amp;M<\/strong> : Deux cr\u00e9ations d\u2019Amala Dianor \u00e0 La Soufflerie le 12 novembre<br \/>\n<img loading=\"lazy\" decoding=\"async\" width=\"1160\" height=\"870\" src=\"https:\/\/www.europesays.com\/fr\/wp-content\/uploads\/2025\/11\/680-510-Amala-Dianor-Agenda-1160x870.jpg\" alt=\"Amala Dianor La Soufflerie\" class=\"wp-image-127433\"   data-pagespeed-url-hash=\"3807847801\" onload=\"pagespeed.CriticalImages.checkImageForCriticality(this);\"\/>Cr\u00e9dit : La Soufflerie \u2014 Amala Dianor La Soufflerie<\/p>\n<p>Le chor\u00e9graphe <strong>Amala Dianor<\/strong> fait dialoguer les styles, fusionner les cultures et bouger les fronti\u00e8res. Avec ses deux pi\u00e8ces <strong>Wo-Man<\/strong> et <strong>M&amp;M<\/strong>, appr\u00eate-toi \u00e0 te laisser transporter le temps d\u2019une soir\u00e9e <strong>le 12 novembre \u00e0 La Soufflerie.<\/strong><\/p>\n<p>Wo-Man : un solo de danse puissant et percutant<\/p>\n<p><strong>Amala Dianor<\/strong> revisite son solo culte Man-Rec (2014), mais version f\u00e9minine. Aux commandes, la puissante <strong>Nangaline Gomis<\/strong>, qui fait jaillir toute la vitalit\u00e9 du <strong>hip-hop<\/strong>, de la <strong>danse contemporaine<\/strong> et de la <strong>danse africaine<\/strong>.<\/p>\n<p>Le r\u00e9sultat ? Une pi\u00e8ce habit\u00e9e, vibrante, o\u00f9 le corps devient m\u00e9moire, terrain d\u2019identit\u00e9 et manifeste de libert\u00e9. Chaque mouvement semble dire \u201cvoil\u00e0 qui je suis, et d\u2019o\u00f9 je viens\u201d. Un solo aussi beau que percutant, port\u00e9 par une interpr\u00e8te qui d\u00e9gage une \u00e9nergie folle.<\/p>\n<p>M&amp;M : deux univers, une explosion<\/p>\n<p>Place ensuite \u00e0 M&amp;M, avec deux danseuses aux univers bien tremp\u00e9s : <strong>Marion Alzieu<\/strong> (danse contemporaine) et <strong>Mwendwa Marchand<\/strong> (dancehall). <\/p>\n<p>Sous l\u2019\u0153il d\u2019Amala Dianor et la musique d\u2019<strong>Awir Leon<\/strong>, ces deux tornades de talent se croisent, s\u2019affrontent, se compl\u00e8tent. C\u2019est \u00e9lectrique, organique, parfois sauvage, toujours hypnotique. Le <strong>dancehall<\/strong> rencontre la pr\u00e9cision de la <strong>danse contemporaine<\/strong>, les rythmes s\u2019entrechoquent, les corps dialoguent, et la sc\u00e8ne se transforme en terrain de jeu pour deux artistes qui n\u2019ont peur de rien.<\/p>\n<p>La Soufflerie : Un espace culturel de belles rencontres<\/p>\n<p>\u00c0 <strong>Rez\u00e9<\/strong>, <strong>La Soufflerie<\/strong> n\u2019est pas juste une salle de spectacle : c\u2019est un vrai laboratoire d\u2019\u00e9motions, o\u00f9 la musique, la danse et le th\u00e9\u00e2tre se croisent sans complexe. Fid\u00e8le \u00e0 son ADN, le lieu c\u00e9l\u00e8bre ici la diversit\u00e9, la cr\u00e9ation et la parit\u00e9.<\/p>\n","protected":false},"excerpt":{"rendered":"6 novembre 2025 \u00b7 Article sponsoris\u00e9 Cr\u00e9dit : \u00a9streetshuman_4 Mercredi 12 novembre 2025 \u00e0 20h, cap sur La&hellip;\n","protected":false},"author":2,"featured_media":515601,"comment_status":"","ping_status":"","sticky":false,"template":"","format":"standard","meta":{"footnotes":""},"categories":[2818],"tags":[1111,11,48554,1777,674,1011,27,766,12,2636,25],"class_list":{"0":"post-515600","1":"post","2":"type-post","3":"status-publish","4":"format-standard","5":"has-post-thumbnail","7":"category-nantes","8":"tag-actu","9":"tag-actualites","10":"tag-carrousel","11":"tag-eu","12":"tag-europe","13":"tag-fr","14":"tag-france","15":"tag-nantes","16":"tag-news","17":"tag-pays-de-la-loire","18":"tag-republique-francaise"},"share_on_mastodon":{"url":"https:\/\/pubeurope.com\/@fr\/115502135950739678","error":""},"_links":{"self":[{"href":"https:\/\/www.europesays.com\/fr\/wp-json\/wp\/v2\/posts\/515600","targetHints":{"allow":["GET"]}}],"collection":[{"href":"https:\/\/www.europesays.com\/fr\/wp-json\/wp\/v2\/posts"}],"about":[{"href":"https:\/\/www.europesays.com\/fr\/wp-json\/wp\/v2\/types\/post"}],"author":[{"embeddable":true,"href":"https:\/\/www.europesays.com\/fr\/wp-json\/wp\/v2\/users\/2"}],"replies":[{"embeddable":true,"href":"https:\/\/www.europesays.com\/fr\/wp-json\/wp\/v2\/comments?post=515600"}],"version-history":[{"count":0,"href":"https:\/\/www.europesays.com\/fr\/wp-json\/wp\/v2\/posts\/515600\/revisions"}],"wp:featuredmedia":[{"embeddable":true,"href":"https:\/\/www.europesays.com\/fr\/wp-json\/wp\/v2\/media\/515601"}],"wp:attachment":[{"href":"https:\/\/www.europesays.com\/fr\/wp-json\/wp\/v2\/media?parent=515600"}],"wp:term":[{"taxonomy":"category","embeddable":true,"href":"https:\/\/www.europesays.com\/fr\/wp-json\/wp\/v2\/categories?post=515600"},{"taxonomy":"post_tag","embeddable":true,"href":"https:\/\/www.europesays.com\/fr\/wp-json\/wp\/v2\/tags?post=515600"}],"curies":[{"name":"wp","href":"https:\/\/api.w.org\/{rel}","templated":true}]}}