{"id":515604,"date":"2025-11-06T09:52:11","date_gmt":"2025-11-06T09:52:11","guid":{"rendered":"https:\/\/www.europesays.com\/fr\/515604\/"},"modified":"2025-11-06T09:52:11","modified_gmt":"2025-11-06T09:52:11","slug":"trois-adolescents-interpelles-et-places-en-garde-a-vue-pour-apologie-du-terrorisme-apres-setre-filme-en-criant-allah-akbar-dans-la-cathedrale-de-bordeaux","status":"publish","type":"post","link":"https:\/\/www.europesays.com\/fr\/515604\/","title":{"rendered":"Trois adolescents interpell\u00e9s et plac\u00e9s en garde \u00e0 vue pour apologie du terrorisme apr\u00e8s s\u2019\u00eatre film\u00e9 en criant \u00ab\u00a0Allah Akbar\u00a0\u00bb dans la cath\u00e9drale de Bordeaux"},"content":{"rendered":"<p>Hier midi, trois adolescents, \u00e2g\u00e9s de 16 et 17 ans, ont \u00e9t\u00e9 interpell\u00e9s dans la nef de la cath\u00e9drale Pey-Berland, situ\u00e9e au centre de Bordeaux (Gironde).<\/p>\n<p>Selon <a href=\"https:\/\/france3-regions.franceinfo.fr\/nouvelle-aquitaine\/gironde\/bordeaux\/ils-se-filment-en-criant-allah-akbar-dans-la-cathedrale-de-bordeaux-trois-adolescents-interpelles-pour-apologie-du-terrorisme-3244936.html\" target=\"_blank\" rel=\"noopener\">France 3<\/a>, le groupe s&rsquo;est film\u00e9 en criant \u00ab\u00a0Allah Akbar\u00a0\u00bb \u00e0 l&rsquo;int\u00e9rieur de la cath\u00e9drale. Pr\u00e9sents sur place, des fid\u00e8les ont alors pr\u00e9venu la police.<\/p>\n<p>Les forces de l&rsquo;ordre ont arr\u00eat\u00e9 trois jeunes. Deux autres membres du groupe avaient pris la fuite avant leur arriv\u00e9e. Les adolescents ont ensuite \u00e9t\u00e9 plac\u00e9s en garde \u00e0 vue pour \u00ab\u00a0apologie du terrorisme\u00a0\u00bb.<\/p>\n<p>\u00ab\u00a0Il s&rsquo;agit d&rsquo;un comportement totalement stupide. La piste terroriste a \u00e9t\u00e9 \u00e9cart\u00e9e\u00a0\u00bb, pr\u00e9cise la DIPN de la Gironde aupr\u00e8s de nos confr\u00e8res. Hier soir, les jeunes \u00e9taient toujours en garde \u00e0 vue. \u00ab\u00a0Les suites judiciaires ne sont pas encore connues\u00a0\u00bb, ajoute France 3.<\/p>\n","protected":false},"excerpt":{"rendered":"Hier midi, trois adolescents, \u00e2g\u00e9s de 16 et 17 ans, ont \u00e9t\u00e9 interpell\u00e9s dans la nef de la&hellip;\n","protected":false},"author":2,"featured_media":515605,"comment_status":"","ping_status":"","sticky":false,"template":"","format":"standard","meta":{"footnotes":""},"categories":[2817],"tags":[1111,11,1997,1046,1777,674,1011,27,11272,12,2219,25],"class_list":{"0":"post-515604","1":"post","2":"type-post","3":"status-publish","4":"format-standard","5":"has-post-thumbnail","7":"category-bordeaux","8":"tag-actu","9":"tag-actualites","10":"tag-bordeaux","11":"tag-cathu00e9drale","12":"tag-eu","13":"tag-europe","14":"tag-fr","15":"tag-france","16":"tag-interpellation","17":"tag-news","18":"tag-nouvelle-aquitaine","19":"tag-republique-francaise"},"share_on_mastodon":{"url":"https:\/\/pubeurope.com\/@fr\/115502143604797598","error":""},"_links":{"self":[{"href":"https:\/\/www.europesays.com\/fr\/wp-json\/wp\/v2\/posts\/515604","targetHints":{"allow":["GET"]}}],"collection":[{"href":"https:\/\/www.europesays.com\/fr\/wp-json\/wp\/v2\/posts"}],"about":[{"href":"https:\/\/www.europesays.com\/fr\/wp-json\/wp\/v2\/types\/post"}],"author":[{"embeddable":true,"href":"https:\/\/www.europesays.com\/fr\/wp-json\/wp\/v2\/users\/2"}],"replies":[{"embeddable":true,"href":"https:\/\/www.europesays.com\/fr\/wp-json\/wp\/v2\/comments?post=515604"}],"version-history":[{"count":0,"href":"https:\/\/www.europesays.com\/fr\/wp-json\/wp\/v2\/posts\/515604\/revisions"}],"wp:featuredmedia":[{"embeddable":true,"href":"https:\/\/www.europesays.com\/fr\/wp-json\/wp\/v2\/media\/515605"}],"wp:attachment":[{"href":"https:\/\/www.europesays.com\/fr\/wp-json\/wp\/v2\/media?parent=515604"}],"wp:term":[{"taxonomy":"category","embeddable":true,"href":"https:\/\/www.europesays.com\/fr\/wp-json\/wp\/v2\/categories?post=515604"},{"taxonomy":"post_tag","embeddable":true,"href":"https:\/\/www.europesays.com\/fr\/wp-json\/wp\/v2\/tags?post=515604"}],"curies":[{"name":"wp","href":"https:\/\/api.w.org\/{rel}","templated":true}]}}