{"id":515614,"date":"2025-11-06T09:57:11","date_gmt":"2025-11-06T09:57:11","guid":{"rendered":"https:\/\/www.europesays.com\/fr\/515614\/"},"modified":"2025-11-06T09:57:11","modified_gmt":"2025-11-06T09:57:11","slug":"squatteurs-nuisances-sonores-a-la-parade-a-marseille-les-habitants-excedes-reclament-toujours-un-portail","status":"publish","type":"post","link":"https:\/\/www.europesays.com\/fr\/515614\/","title":{"rendered":"Squatteurs, nuisances sonores&#8230; \u00c0 La Parade, \u00e0 Marseille, les habitants exc\u00e9d\u00e9s r\u00e9clament toujours un portail"},"content":{"rendered":"<p>Depuis plusieurs ann\u00e9es, <a href=\"https:\/\/www.laprovence.com\/article\/societe\/2648335835335714\/les-habitants-dune-copropriete-a-marseille-demandent-un-portail-la-metropole-sy-oppose\" target=\"_blank\" rel=\"noopener\">les habitants de la Parade demandent l\u2019installation d\u2019un portail \u00e0 l\u2019entr\u00e9e de leur r\u00e9sidence<\/a>, sur les hauteurs de Ch\u00e2teau-Gombert (13e). \u00ab\u00a0Comme \u00e0 Sormiou en \u00e9t\u00e9, nous voudrions que, le soir, seuls les r\u00e9sidents puissent passer. Pas pour privatiser, mais pour nous s\u00e9curiser\u00a0\u00bb, assure Josselyne, du conseil syndical de la copropri\u00e9t\u00e9.<\/p>\n<p>Une option jug\u00e9e \u00ab\u00a0inenvisageable\u00a0\u00bb, en ao\u00fbt dernier, par la M\u00e9tropole, \u00ab\u00a0dans la mesure o\u00f9 elle compromettrait le bon fonctionnement de la ligne de bus qui circule sur cet axe\u00a0\u00bb. Et une r\u00e9union devait se tenir sur place en septembre avec les diff\u00e9rentes parties prenantes (dont la RTM et la Ville) \u00ab\u00a0afin d\u2019\u00e9tudier des solutions alternatives susceptibles d\u2019am\u00e9liorer la situation\u00a0\u00bb.<\/p>\n<p>Mais voil\u00e0, l\u2019\u00e9t\u00e9 est pass\u00e9 et, en novembre, rien n\u2019a chang\u00e9. Pas de rencontre et toujours les m\u00eames nuisances d\u00e9nonc\u00e9es par les r\u00e9sidents de la Parade Haute et des 40 Villas\u00a0: \u00ab\u00a0Le soir et la nuit, des jeunes viennent \u00e0 l\u2019arr\u00eat de bus, ils font du bruit, mettent la musique trop fort et laissent le terrain dans un \u00e9tat d\u00e9plorable\u00a0\u00bb, assure Josselyne. Qui d\u00e9crit, chaque matin, des <a href=\"https:\/\/www.laprovence.com\/article\/region\/17466392438678\/protoxyde-d-azote-a-marseille-les-consommateurs-convoques-a-l-hotel-de-ville-pour-un-rappel-a-l-ordre\" target=\"_blank\" rel=\"noopener\">bonbonnes de protoxyde d\u2019azote<\/a> qui jonchent le sol, aux c\u00f4t\u00e9s de restes de fast-foo&#8230;<\/p>\n","protected":false},"excerpt":{"rendered":"Depuis plusieurs ann\u00e9es, les habitants de la Parade demandent l\u2019installation d\u2019un portail \u00e0 l\u2019entr\u00e9e de leur r\u00e9sidence, sur&hellip;\n","protected":false},"author":2,"featured_media":515615,"comment_status":"","ping_status":"","sticky":false,"template":"","format":"standard","meta":{"footnotes":""},"categories":[2814],"tags":[17,1111,11,1102,1777,674,1011,27,4021,151,884,12,7283,18277,882,16,25,14975,58295],"class_list":{"0":"post-515614","1":"post","2":"type-post","3":"status-publish","4":"format-standard","5":"has-post-thumbnail","7":"category-marseille","8":"tag-17","9":"tag-actu","10":"tag-actualites","11":"tag-breakingnews","12":"tag-eu","13":"tag-europe","14":"tag-fr","15":"tag-france","16":"tag-habitants","17":"tag-les","18":"tag-marseille","19":"tag-news","20":"tag-nuisances","21":"tag-parade","22":"tag-provence-alpes-cote-dazur","23":"tag-region","24":"tag-republique-francaise","25":"tag-sonores","26":"tag-squatteurs"},"share_on_mastodon":{"url":"https:\/\/pubeurope.com\/@fr\/115502163210174417","error":""},"_links":{"self":[{"href":"https:\/\/www.europesays.com\/fr\/wp-json\/wp\/v2\/posts\/515614","targetHints":{"allow":["GET"]}}],"collection":[{"href":"https:\/\/www.europesays.com\/fr\/wp-json\/wp\/v2\/posts"}],"about":[{"href":"https:\/\/www.europesays.com\/fr\/wp-json\/wp\/v2\/types\/post"}],"author":[{"embeddable":true,"href":"https:\/\/www.europesays.com\/fr\/wp-json\/wp\/v2\/users\/2"}],"replies":[{"embeddable":true,"href":"https:\/\/www.europesays.com\/fr\/wp-json\/wp\/v2\/comments?post=515614"}],"version-history":[{"count":0,"href":"https:\/\/www.europesays.com\/fr\/wp-json\/wp\/v2\/posts\/515614\/revisions"}],"wp:featuredmedia":[{"embeddable":true,"href":"https:\/\/www.europesays.com\/fr\/wp-json\/wp\/v2\/media\/515615"}],"wp:attachment":[{"href":"https:\/\/www.europesays.com\/fr\/wp-json\/wp\/v2\/media?parent=515614"}],"wp:term":[{"taxonomy":"category","embeddable":true,"href":"https:\/\/www.europesays.com\/fr\/wp-json\/wp\/v2\/categories?post=515614"},{"taxonomy":"post_tag","embeddable":true,"href":"https:\/\/www.europesays.com\/fr\/wp-json\/wp\/v2\/tags?post=515614"}],"curies":[{"name":"wp","href":"https:\/\/api.w.org\/{rel}","templated":true}]}}