{"id":515624,"date":"2025-11-06T10:03:13","date_gmt":"2025-11-06T10:03:13","guid":{"rendered":"https:\/\/www.europesays.com\/fr\/515624\/"},"modified":"2025-11-06T10:03:13","modified_gmt":"2025-11-06T10:03:13","slug":"la-bourse-de-paris-digere-une-nouvelle-vague-de-resultats-actualites","status":"publish","type":"post","link":"https:\/\/www.europesays.com\/fr\/515624\/","title":{"rendered":"La Bourse de Paris dig\u00e8re une nouvelle vague de r\u00e9sultats : Actualit\u00e9s"},"content":{"rendered":"<p class=\"lead \">La Bourse de Paris \u00e9volue en baisse jeudi, les investisseurs dig\u00e9rant des r\u00e9sultats d&rsquo;entreprises et faisant face \u00e0 l&rsquo;incertitude quant aux droits de douane am\u00e9ricains.<\/p>\n<p class=\"lead \">Vers 10H15 GMT, l&rsquo;indice vedette de la Bourse de Paris, le CAC 40, c\u00e9dait 0,45% \u00e0 8.037,80 points, soit une perte de 36,43 points. Mercredi, l&rsquo;indice parisien avait grappill\u00e9 0,08% pour s&rsquo;\u00e9tablir \u00e0 8.074,23 points.<\/p>\n<p class=\"lead \">Le vent d&rsquo;optimisme qui a travers\u00e9 Wall Street mercredi soir n&rsquo;est pas parvenu jusqu&rsquo;\u00e0 l&rsquo;Europe, les investisseurs restant concentr\u00e9s sur la nouvelle salve de r\u00e9sultats d&rsquo;entreprises du jour, avec des publication jug\u00e9es d\u00e9cevantes.<\/p>\n<p class=\"lead \">En parall\u00e8le, une majorit\u00e9 de la Cour supr\u00eame am\u00e9ricaine paraissait douter mercredi de la l\u00e9galit\u00e9 d&rsquo;une bonne partie des droits de douane impos\u00e9s par Donald Trump, instrument majeur de la politique \u00e9conomique et diplomatique du pr\u00e9sident am\u00e9ricain.<\/p>\n<p class=\"lead \">Pour Ipek Ozkardeskaya, analyste de Swissquote, il ne s&rsquo;agit paradoxalement pas d&rsquo;une bonne nouvelle pour les march\u00e9s d&rsquo;action, ajoutant une nouvelle dose d&rsquo;incertitude et \u00ab\u00a0potentiellement plus de 100 milliards de dollars de remboursements que le gouvernement am\u00e9ricain pourrait devoir \u00e0 d&rsquo;autres pays (&#8230;) et un d\u00e9ficit budg\u00e9taire plus profond\u00a0\u00bb.<\/p>\n<p class=\"lead \">Enfin, des donn\u00e9es plus fortes que pr\u00e9vu aux Etats-Unis mercredi \u00ab\u00a0ont encore affaibli l&rsquo;argument des colombes de la R\u00e9serve f\u00e9d\u00e9rale (Fed)\u00a0\u00bb, le surnom donn\u00e9 aux partisans d&rsquo;une baisse des taux directeurs, estime Mme Ozkardeskaya.<\/p>\n<p class=\"lead \">Legrand chute<\/p>\n<p class=\"lead \">Le fabricant de mat\u00e9riels et d&rsquo;\u00e9quipements \u00e9lectriques fran\u00e7ais Legrand d\u00e9visse en Bourse jeudi apr\u00e8s la publication de ses r\u00e9sultats au troisi\u00e8me trimestre malgr\u00e9 la progression de son chiffre d&rsquo;affaires, qui reste en dessous des attentes du march\u00e9, d&rsquo;apr\u00e8s Jefferies.<\/p>\n<p class=\"lead \">\u00ab\u00a0Legrand a publi\u00e9 une croissance organique de ses revenus de 6,7%, manquant le consensus\u00a0\u00bb, soulignent les analystes de Jefferies, \u00e9voquant un \u00ab\u00a0trimestre l\u00e9ger\u00a0\u00bb.<\/p>\n<p class=\"lead \">Le titre Legrand perdait 10,97% \u00e0 131,05 euros vers 10H15 heure de Paris.<\/p>\n<p class=\"lead \">Air France-KLM reste au sol<\/p>\n<p class=\"lead \">Air France-KLM a vu son b\u00e9n\u00e9fice net s&rsquo;\u00e9roder de 7% au troisi\u00e8me trimestre, \u00e0 768 millions d&rsquo;euros, dans un \u00ab\u00a0environnement difficile\u00a0\u00bb de baisse de la demande aux Etats-Unis et d&rsquo;augmentation des charges.<\/p>\n<p class=\"lead \">A la Bourse de Paris, les r\u00e9sultats du groupe sont sanctionn\u00e9s: l&rsquo;action Air France-KLM d\u00e9vissait de 12,47% \u00e0 10,29 euros vers 10H15 heure de Paris.<\/p>\n<p class=\"lead \">ArcelorMittal brille<\/p>\n<p class=\"lead \">Le g\u00e9ant de la sid\u00e9rurgie ArcelorMittal a r\u00e9alis\u00e9 377 millions de dollars de b\u00e9n\u00e9fice net (+31%) au troisi\u00e8me trimestre, et a appel\u00e9 jeudi \u00e0 l'\u00a0\u00bbapprobation rapide\u00a0\u00bb du plan acier pr\u00e9sent\u00e9 par la Commission europ\u00e9enne, qui permettra selon lui \u00ab\u00a0d&rsquo;investir avec confiance en l&rsquo;avenir\u00a0\u00bb.<\/p>\n<p class=\"lead \">Ses r\u00e9sultats ont \u00e9t\u00e9 salu\u00e9s en Bourse, l&rsquo;action ArcelorMittal bondissant de 5,72% \u00e0 34,35 euros vers 10H15 heure de Paris.<\/p>\n<p class=\"lead \"><a href=\"https:\/\/www.euronext.com\/fr\/products\/indices\/FR0003500008-XPAR\" target=\"_blank\" rel=\"noopener\">Euronext CAC40<\/a><\/p>\n<p class=\"small font-weight-bold text-gray3 \"> publi\u00e9 le 6 novembre \u00e0 10h52, AFP<\/p>\n<p>                             Partager<\/p>\n","protected":false},"excerpt":{"rendered":"La Bourse de Paris \u00e9volue en baisse jeudi, les investisseurs dig\u00e9rant des r\u00e9sultats d&rsquo;entreprises et faisant face \u00e0&hellip;\n","protected":false},"author":2,"featured_media":515625,"comment_status":"","ping_status":"","sticky":false,"template":"","format":"standard","meta":{"footnotes":""},"categories":[1888],"tags":[1111,1928,11,1927,340,1777,674,1011,27,6205,12,1926,626,1925,25],"class_list":{"0":"post-515624","1":"post","2":"type-post","3":"status-publish","4":"format-standard","5":"has-post-thumbnail","7":"category-paris","8":"tag-actu","9":"tag-actu-paris","10":"tag-actualites","11":"tag-actualites-paris","12":"tag-bourse","13":"tag-eu","14":"tag-europe","15":"tag-fr","16":"tag-france","17":"tag-marchs","18":"tag-news","19":"tag-news-paris","20":"tag-paris","21":"tag-paris-news","22":"tag-republique-francaise"},"share_on_mastodon":{"url":"https:\/\/pubeurope.com\/@fr\/115502186832741077","error":""},"_links":{"self":[{"href":"https:\/\/www.europesays.com\/fr\/wp-json\/wp\/v2\/posts\/515624","targetHints":{"allow":["GET"]}}],"collection":[{"href":"https:\/\/www.europesays.com\/fr\/wp-json\/wp\/v2\/posts"}],"about":[{"href":"https:\/\/www.europesays.com\/fr\/wp-json\/wp\/v2\/types\/post"}],"author":[{"embeddable":true,"href":"https:\/\/www.europesays.com\/fr\/wp-json\/wp\/v2\/users\/2"}],"replies":[{"embeddable":true,"href":"https:\/\/www.europesays.com\/fr\/wp-json\/wp\/v2\/comments?post=515624"}],"version-history":[{"count":0,"href":"https:\/\/www.europesays.com\/fr\/wp-json\/wp\/v2\/posts\/515624\/revisions"}],"wp:featuredmedia":[{"embeddable":true,"href":"https:\/\/www.europesays.com\/fr\/wp-json\/wp\/v2\/media\/515625"}],"wp:attachment":[{"href":"https:\/\/www.europesays.com\/fr\/wp-json\/wp\/v2\/media?parent=515624"}],"wp:term":[{"taxonomy":"category","embeddable":true,"href":"https:\/\/www.europesays.com\/fr\/wp-json\/wp\/v2\/categories?post=515624"},{"taxonomy":"post_tag","embeddable":true,"href":"https:\/\/www.europesays.com\/fr\/wp-json\/wp\/v2\/tags?post=515624"}],"curies":[{"name":"wp","href":"https:\/\/api.w.org\/{rel}","templated":true}]}}