{"id":515634,"date":"2025-11-06T10:08:13","date_gmt":"2025-11-06T10:08:13","guid":{"rendered":"https:\/\/www.europesays.com\/fr\/515634\/"},"modified":"2025-11-06T10:08:13","modified_gmt":"2025-11-06T10:08:13","slug":"en-ukraine-des-jeunes-irakiens-enroles-dans-la-guerre-de-poutine-liberation","status":"publish","type":"post","link":"https:\/\/www.europesays.com\/fr\/515634\/","title":{"rendered":"en Ukraine, des jeunes Irakiens enr\u00f4l\u00e9s dans la guerre de Poutine \u2013 Lib\u00e9ration"},"content":{"rendered":"<p class=\"sc-cPiKLX AiZTS text-element\">Mohammed \u00e9tait parti au mois de janvier, sans pr\u00e9venir personne, pour s\u2019enr\u00f4ler dans les forces arm\u00e9es russes. Comme d\u2019autres, l\u2019Irakien de 24 ans a \u00e9t\u00e9 attir\u00e9 par les promesses de gagner beaucoup d\u2019argent et d\u2019obtenir un passeport russe. Il lui a suffi de r\u00e9pondre \u00e0 une annonce sur les r\u00e9seaux sociaux ; c\u2019est ce que sa m\u00e8re, Zeinab Jabbar, raconte \u00e0 l\u2019AFP.<\/p>\n<p class=\"sc-cPiKLX AiZTS text-element\">Dans la guerre qu\u2019elle a d\u00e9clench\u00e9e contre l\u2019Ukraine, il y a plus de trois ans, la Russie a d\u00e9j\u00e0 perdu des dizaines de milliers d\u2019hommes. Et peine \u00e0 mobiliser au sein de sa population. Le Kremlin n\u2019h\u00e9site donc pas \u00e0 avoir recours \u00e0 des combattants \u00e9trangers. Juste apr\u00e8s le d\u00e9but de la guerre, la Russie aurait appel\u00e9 en aide, selon les Am\u00e9ricains, <a href=\"https:\/\/www.liberation.fr\/international\/europe\/invasion-de-lukraine-la-russie-recruterait-des-mercenaires-syriens-selon-les-americains-20220307_4KZTQUV42VGYTEUNHPMCBWNCJA\/\" target=\"_blank\" rel=\"nofollow noopener\" title=\"https:\/\/www.liberation.fr\/international\/europe\/invasion-de-lukraine-la-russie-recruterait-des-mercenaires-syriens-selon-les-americains-20220307_4KZTQUV42VGYTEUNHPMCBWNCJA\/\">des mercenaires syriens<\/a> ; le 22 f\u00e9vrier 2024, une centaine d\u2019<a href=\"https:\/\/www.liberation.fr\/international\/europe\/guerre-en-ukraine-des-ressortissants-indiens-enroles-dans-les-rangs-de-larmee-russe-20240228_W24LYNSMRVGZFIVEIMIHA2EA2E\/\" target=\"_blank\" rel=\"nofollow noopener\" title=\"https:\/\/www.liberation.fr\/international\/europe\/guerre-en-ukraine-des-ressortissants-indiens-enroles-dans-les-rangs-de-larmee-r&lt;\/p&gt;&lt;\/div&gt;&lt;\/article&gt;&lt;\/div&gt;&lt;div data-fusion-lazy-id=\" f0f8vgvlad832fw=\"\"><\/p>\n","protected":false},"excerpt":{"rendered":"Mohammed \u00e9tait parti au mois de janvier, sans pr\u00e9venir personne, pour s\u2019enr\u00f4ler dans les forces arm\u00e9es russes. Comme&hellip;\n","protected":false},"author":2,"featured_media":515635,"comment_status":"","ping_status":"","sticky":false,"template":"","format":"standard","meta":{"footnotes":""},"categories":[1590],"tags":[11,1777,674,4366,12,132,220,297],"class_list":{"0":"post-515634","1":"post","2":"type-post","3":"status-publish","4":"format-standard","5":"has-post-thumbnail","7":"category-ukraine","8":"tag-actualites","9":"tag-eu","10":"tag-europe","11":"tag-irak","12":"tag-news","13":"tag-russie","14":"tag-ukraine","15":"tag-ukraine-la-crise"},"share_on_mastodon":{"url":"https:\/\/pubeurope.com\/@fr\/115502206422432261","error":""},"_links":{"self":[{"href":"https:\/\/www.europesays.com\/fr\/wp-json\/wp\/v2\/posts\/515634","targetHints":{"allow":["GET"]}}],"collection":[{"href":"https:\/\/www.europesays.com\/fr\/wp-json\/wp\/v2\/posts"}],"about":[{"href":"https:\/\/www.europesays.com\/fr\/wp-json\/wp\/v2\/types\/post"}],"author":[{"embeddable":true,"href":"https:\/\/www.europesays.com\/fr\/wp-json\/wp\/v2\/users\/2"}],"replies":[{"embeddable":true,"href":"https:\/\/www.europesays.com\/fr\/wp-json\/wp\/v2\/comments?post=515634"}],"version-history":[{"count":0,"href":"https:\/\/www.europesays.com\/fr\/wp-json\/wp\/v2\/posts\/515634\/revisions"}],"wp:featuredmedia":[{"embeddable":true,"href":"https:\/\/www.europesays.com\/fr\/wp-json\/wp\/v2\/media\/515635"}],"wp:attachment":[{"href":"https:\/\/www.europesays.com\/fr\/wp-json\/wp\/v2\/media?parent=515634"}],"wp:term":[{"taxonomy":"category","embeddable":true,"href":"https:\/\/www.europesays.com\/fr\/wp-json\/wp\/v2\/categories?post=515634"},{"taxonomy":"post_tag","embeddable":true,"href":"https:\/\/www.europesays.com\/fr\/wp-json\/wp\/v2\/tags?post=515634"}],"curies":[{"name":"wp","href":"https:\/\/api.w.org\/{rel}","templated":true}]}}