{"id":515636,"date":"2025-11-06T10:09:18","date_gmt":"2025-11-06T10:09:18","guid":{"rendered":"https:\/\/www.europesays.com\/fr\/515636\/"},"modified":"2025-11-06T10:09:18","modified_gmt":"2025-11-06T10:09:18","slug":"astrazeneca-se-renforce-aux-usa-bond-du-benefice-trimestriel","status":"publish","type":"post","link":"https:\/\/www.europesays.com\/fr\/515636\/","title":{"rendered":"AstraZeneca se renforce aux USA, bond du b\u00e9n\u00e9fice trimestriel"},"content":{"rendered":"<p style=\"margin-top:5px\">Londres (awp\/afp) &#8211; Le g\u00e9ant pharmaceutique britannique AstraZeneca, qui a annonc\u00e9 des investissements massifs aux Etats-Unis ces derniers mois sous la pression de Donald Trump, a vu son b\u00e9n\u00e9fice s&rsquo;envoler au troisi\u00e8me trimestre, tir\u00e9 notamment par ses produits contre le cancer.<\/p>\n<p>Le groupe a publi\u00e9 jeudi un b\u00e9n\u00e9fice net part du groupe en hausse de 77% au troisi\u00e8me trimestre, \u00e0 2,53 milliards de dollars (2,05 milliards de francs suisses), tir\u00e9 notamment par l&rsquo;oncologie.<\/p>\n<p>Le groupe continue de \u00ab\u00a0mettre en oeuvre (sa) strat\u00e9gie de renforcement de (ses) activit\u00e9s aux \u00c9tats-Unis afin de stimuler (sa) croissance\u00a0\u00bb, a indiqu\u00e9 le directeur g\u00e9n\u00e9ral Pascal Soriot dans un communiqu\u00e9.<\/p>\n<p>AstraZeneca a vu son chiffre d&rsquo;affaires progresser de 12% sur la p\u00e9riode \u00e0 15,18 milliards de dollars, dont 43% r\u00e9alis\u00e9s aux Etats-Unis, de loin son premier march\u00e9, et o\u00f9 le groupe avait publi\u00e9 une croissance record des ventes au deuxi\u00e8me trimestre.<\/p>\n<p>Face \u00e0 la menace de droits de douane de Donald Trump sur le secteur pharmaceutique au niveau mondial, le laboratoire a annonc\u00e9 l&rsquo;\u00e9t\u00e9 dernier un investissement massif de 50 milliards de dollars d&rsquo;ici 2030 aux \u00c9tats-Unis pour y fabriquer des m\u00e9dicaments et financer ses programmes de recherche.<\/p>\n<p>AstraZeneca avait annonc\u00e9 d\u00e8s avril commencer \u00e0 transf\u00e9rer vers les Etats-Unis une partie de sa production europ\u00e9enne.<\/p>\n<p>Le groupe, dont l&rsquo;objectif est de g\u00e9n\u00e9rer un chiffre d&rsquo;affaires annuel de 80 milliards de dollars d&rsquo;ici 2030, a vu au cours des neufs premiers mois de l&rsquo;ann\u00e9e ses revenus progresser de 10% \u00e0 43,24 milliards de dollars.<\/p>\n<p>\u00ab\u00a0La forte dynamique de notre activit\u00e9 (&#8230;) nous place en bonne position pour maintenir notre croissance en 2026 et sur la trajectoire de nos objectifs pour 2030\u00a0\u00bb, a affirm\u00e9 M. Soriot jeudi.<\/p>\n<p>Les m\u00e9dicaments sont pour l&rsquo;instant exempt\u00e9s de ces droits de douane, mais Donald Trump a brandi \u00e0 plusieurs reprises la possibilit\u00e9 d&rsquo;une surtaxe douani\u00e8re de 100% sur tout m\u00e9dicament brevet\u00e9 import\u00e9.<\/p>\n<p>Le pr\u00e9sident am\u00e9ricain entend avec ces pressions pousser les entreprises du secteur \u00e0 implanter des usines aux Etats-Unis et a r\u00e9duire les prix des m\u00e9dicaments dans le pays.<\/p>\n<p>AstraZeneca a ainsi annonc\u00e9 d\u00e9but octobre qu&rsquo;il baisserait le prix de certains de ses m\u00e9dicaments dans le pays &#8211; et qu&rsquo;il avait obtenu en \u00e9change une exemption de droits de douane de trois ans.<\/p>\n<p>Par ailleurs, le groupe avait annonc\u00e9 fin septembre qu&rsquo;il comptait demander une cotation directe de ses actions \u00e0 New York pour attirer davantage d&rsquo;investisseurs am\u00e9ricains &#8211; une op\u00e9ration approuv\u00e9e lundi par ses actionnaires.<\/p>\n<p>afp\/rr<\/p>\n","protected":false},"excerpt":{"rendered":"Londres (awp\/afp) &#8211; Le g\u00e9ant pharmaceutique britannique AstraZeneca, qui a annonc\u00e9 des investissements massifs aux Etats-Unis ces derniers&hellip;\n","protected":false},"author":2,"featured_media":515637,"comment_status":"","ping_status":"","sticky":false,"template":"","format":"standard","meta":{"footnotes":""},"categories":[1589],"tags":[11,340,73,1866,12,1864,1865,1863,308],"class_list":{"0":"post-515636","1":"post","2":"type-post","3":"status-publish","4":"format-standard","5":"has-post-thumbnail","7":"category-etats-unis","8":"tag-actualites","9":"tag-bourse","10":"tag-etats-unis","11":"tag-etats-unis-damerique","12":"tag-news","13":"tag-united-states","14":"tag-united-states-of-america","15":"tag-us","16":"tag-usa"},"share_on_mastodon":{"url":"https:\/\/pubeurope.com\/@fr\/115502210440664667","error":""},"_links":{"self":[{"href":"https:\/\/www.europesays.com\/fr\/wp-json\/wp\/v2\/posts\/515636","targetHints":{"allow":["GET"]}}],"collection":[{"href":"https:\/\/www.europesays.com\/fr\/wp-json\/wp\/v2\/posts"}],"about":[{"href":"https:\/\/www.europesays.com\/fr\/wp-json\/wp\/v2\/types\/post"}],"author":[{"embeddable":true,"href":"https:\/\/www.europesays.com\/fr\/wp-json\/wp\/v2\/users\/2"}],"replies":[{"embeddable":true,"href":"https:\/\/www.europesays.com\/fr\/wp-json\/wp\/v2\/comments?post=515636"}],"version-history":[{"count":0,"href":"https:\/\/www.europesays.com\/fr\/wp-json\/wp\/v2\/posts\/515636\/revisions"}],"wp:featuredmedia":[{"embeddable":true,"href":"https:\/\/www.europesays.com\/fr\/wp-json\/wp\/v2\/media\/515637"}],"wp:attachment":[{"href":"https:\/\/www.europesays.com\/fr\/wp-json\/wp\/v2\/media?parent=515636"}],"wp:term":[{"taxonomy":"category","embeddable":true,"href":"https:\/\/www.europesays.com\/fr\/wp-json\/wp\/v2\/categories?post=515636"},{"taxonomy":"post_tag","embeddable":true,"href":"https:\/\/www.europesays.com\/fr\/wp-json\/wp\/v2\/tags?post=515636"}],"curies":[{"name":"wp","href":"https:\/\/api.w.org\/{rel}","templated":true}]}}