{"id":515640,"date":"2025-11-06T10:11:14","date_gmt":"2025-11-06T10:11:14","guid":{"rendered":"https:\/\/www.europesays.com\/fr\/515640\/"},"modified":"2025-11-06T10:11:14","modified_gmt":"2025-11-06T10:11:14","slug":"google-annonce-mardi-son-plus-grand-investissement-jamais-realise-en-allemagne-06-11-2025-a-1058","status":"publish","type":"post","link":"https:\/\/www.europesays.com\/fr\/515640\/","title":{"rendered":"Google annonce mardi son plus grand investissement jamais r\u00e9alis\u00e9 en Allemagne &#8211; 06\/11\/2025 \u00e0 10:58"},"content":{"rendered":"<p>\n ((Traduction automatis\u00e9e par Reuters \u00e0 l&rsquo;aide de l&rsquo;apprentissage<br \/>\nautomatique et de l&rsquo;IA g\u00e9n\u00e9rative, veuillez vous r\u00e9f\u00e9rer \u00e0<br \/>\nl&rsquo;avertissement suivant: https:\/\/bit.ly\/rtrsauto))<br \/>\n(Pr\u00e9cisions suite \u00e0 la confirmation de Google)\n<\/p>\n<p>\n Google<br \/>\n <a href=\"https:\/\/www.boursorama.com\/cours\/GOOGL\/\" target=\"_blank\" rel=\"noopener\"><br \/>\n  GOOGL.O<br \/>\n <\/a><br \/>\n a d\u00e9clar\u00e9 qu&rsquo;il annoncerait mardi son plus<br \/>\ngrand plan d&rsquo;investissement en Allemagne, aux c\u00f4t\u00e9s du Ministre<br \/>\nallemand des Finances, Lars Klingbeil.\n<\/p>\n<p>\n Le g\u00e9antam\u00e9ricain de la technologie a d\u00e9clar\u00e9 que son plan<br \/>\ncomprendrait la construction \u00ab\u00a0d&rsquo;infrastructures et de centres de<br \/>\ndonn\u00e9es\u00a0\u00bb, ainsi que la poursuite de \u00ab\u00a0projets innovants pour<br \/>\nl&rsquo;utilisation d&rsquo;\u00e9nergies renouvelables et de chaleur<br \/>\nr\u00e9siduelle\u00a0\u00bb,selon une invitation \u00e0 la conf\u00e9rence de presse<br \/>\nenvoy\u00e9e jeudi.\n<\/p>\n<p>\n Google souhaite \u00e9galement \u00e9tendre ses implantations \u00e0<br \/>\nMunich, Francfort et Berlin.\n<\/p>\n<p>\n Le minist\u00e8re des Finances n&rsquo;a pas imm\u00e9diatement r\u00e9pondu \u00e0<br \/>\nune demande de commentaire de Reuters.<\/p>\n","protected":false},"excerpt":{"rendered":"((Traduction automatis\u00e9e par Reuters \u00e0 l&rsquo;aide de l&rsquo;apprentissage automatique et de l&rsquo;IA g\u00e9n\u00e9rative, veuillez vous r\u00e9f\u00e9rer \u00e0 l&rsquo;avertissement&hellip;\n","protected":false},"author":2,"featured_media":515641,"comment_status":"","ping_status":"","sticky":false,"template":"","format":"standard","meta":{"footnotes":""},"categories":[1587],"tags":[400,11,672,398,408,1804,405,1805,1803,1777,674,1801,403,402,399,404,12,1802,401,406,407],"class_list":{"0":"post-515640","1":"post","2":"type-post","3":"status-publish","4":"format-standard","5":"has-post-thumbnail","7":"category-allemagne","8":"tag-action-cac-40","9":"tag-actualites","10":"tag-allemagne","11":"tag-bourse-de-paris","12":"tag-boursorama","13":"tag-bundesrepublik-deutschland","14":"tag-cotations","15":"tag-de","16":"tag-deutschland","17":"tag-eu","18":"tag-europe","19":"tag-germany","20":"tag-indices-devises","21":"tag-investir","22":"tag-investissement","23":"tag-marche-boursier","24":"tag-news","25":"tag-republique-federale-dallemagne","26":"tag-sicav","27":"tag-trackers","28":"tag-warrants"},"share_on_mastodon":{"url":"https:\/\/pubeurope.com\/@fr\/115502218297551429","error":""},"_links":{"self":[{"href":"https:\/\/www.europesays.com\/fr\/wp-json\/wp\/v2\/posts\/515640","targetHints":{"allow":["GET"]}}],"collection":[{"href":"https:\/\/www.europesays.com\/fr\/wp-json\/wp\/v2\/posts"}],"about":[{"href":"https:\/\/www.europesays.com\/fr\/wp-json\/wp\/v2\/types\/post"}],"author":[{"embeddable":true,"href":"https:\/\/www.europesays.com\/fr\/wp-json\/wp\/v2\/users\/2"}],"replies":[{"embeddable":true,"href":"https:\/\/www.europesays.com\/fr\/wp-json\/wp\/v2\/comments?post=515640"}],"version-history":[{"count":0,"href":"https:\/\/www.europesays.com\/fr\/wp-json\/wp\/v2\/posts\/515640\/revisions"}],"wp:featuredmedia":[{"embeddable":true,"href":"https:\/\/www.europesays.com\/fr\/wp-json\/wp\/v2\/media\/515641"}],"wp:attachment":[{"href":"https:\/\/www.europesays.com\/fr\/wp-json\/wp\/v2\/media?parent=515640"}],"wp:term":[{"taxonomy":"category","embeddable":true,"href":"https:\/\/www.europesays.com\/fr\/wp-json\/wp\/v2\/categories?post=515640"},{"taxonomy":"post_tag","embeddable":true,"href":"https:\/\/www.europesays.com\/fr\/wp-json\/wp\/v2\/tags?post=515640"}],"curies":[{"name":"wp","href":"https:\/\/api.w.org\/{rel}","templated":true}]}}