{"id":515654,"date":"2025-11-06T10:18:11","date_gmt":"2025-11-06T10:18:11","guid":{"rendered":"https:\/\/www.europesays.com\/fr\/515654\/"},"modified":"2025-11-06T10:18:11","modified_gmt":"2025-11-06T10:18:11","slug":"en-bref-en-lozere-la-coupe-de-france-de-volley-un-loto-pour-le-telethon-et-picon-mon-amour-en-concert","status":"publish","type":"post","link":"https:\/\/www.europesays.com\/fr\/515654\/","title":{"rendered":"En bref en Loz\u00e8re\u00a0: la Coupe de France de volley, un loto pour le T\u00e9l\u00e9thon et Picon mon amour en concert"},"content":{"rendered":"<p>Le Mende Loz\u00e8re Volley-ball en Coupe de France<\/p>\n<p>Grande journ\u00e9e de volley samedi 8\u00a0novembre 2025 au gymnase\u00a0Piencourt de Mende. Apr\u00e8s les matchs des 15 ans filles (14\u00a0h) et de la r\u00e9gionale 2 masculine (16\u00a0h\u00a030), la Pr\u00e9nationale masculine affronte Caluire (N3) en Coupe de France amateur. Les supporters sont attendus\u00a0!<\/p>\n<p>Concert festif \u00e0 la Loco-Motive<\/p>\n<p>La Loco-Motive, \u00e0 Villefort, accueille Picon mon amour, avec Fanfar\u2019Ov, fanfare explosive venue tout droit de Montpellier. Autant dire que l\u2019ambiance devrait \u00eatre au rendez-vous, vendredi 7\u00a0novembre 2025. \u00c0 partir de 19\u00a0h\u00a030, 10\u00a0\u20ac.<\/p>\n<p>Loto pour le T\u00e9l\u00e9thon<\/p>\n<p>Un loto sans ordinateur est organis\u00e9 au profit du T\u00e9l\u00e9thon, samedi 8\u00a0novembre 2025 \u00e0 partir de 14\u00a0h\u00a030 \u00e0 la salle Jean-Castan\u00a0de Bagnols-les-Bains. Il est organis\u00e9 par le foyer rural local. De nombreux lots \u00e0 gagner, et l\u2019occasion de soutenir la rechercher et les malades.<\/p>\n","protected":false},"excerpt":{"rendered":"Le Mende Loz\u00e8re Volley-ball en Coupe de France Grande journ\u00e9e de volley samedi 8\u00a0novembre 2025 au gymnase\u00a0Piencourt de&hellip;\n","protected":false},"author":2,"featured_media":515655,"comment_status":"","ping_status":"","sticky":false,"template":"","format":"standard","meta":{"footnotes":""},"categories":[1417],"tags":[1011,27,60,1470,1469],"class_list":{"0":"post-515654","1":"post","2":"type-post","3":"status-publish","4":"format-standard","5":"has-post-thumbnail","7":"category-volley","8":"tag-fr","9":"tag-france","10":"tag-sports","11":"tag-volley","12":"tag-volleyball"},"share_on_mastodon":{"url":"https:\/\/pubeurope.com\/@fr\/115502245858352035","error":""},"_links":{"self":[{"href":"https:\/\/www.europesays.com\/fr\/wp-json\/wp\/v2\/posts\/515654","targetHints":{"allow":["GET"]}}],"collection":[{"href":"https:\/\/www.europesays.com\/fr\/wp-json\/wp\/v2\/posts"}],"about":[{"href":"https:\/\/www.europesays.com\/fr\/wp-json\/wp\/v2\/types\/post"}],"author":[{"embeddable":true,"href":"https:\/\/www.europesays.com\/fr\/wp-json\/wp\/v2\/users\/2"}],"replies":[{"embeddable":true,"href":"https:\/\/www.europesays.com\/fr\/wp-json\/wp\/v2\/comments?post=515654"}],"version-history":[{"count":0,"href":"https:\/\/www.europesays.com\/fr\/wp-json\/wp\/v2\/posts\/515654\/revisions"}],"wp:featuredmedia":[{"embeddable":true,"href":"https:\/\/www.europesays.com\/fr\/wp-json\/wp\/v2\/media\/515655"}],"wp:attachment":[{"href":"https:\/\/www.europesays.com\/fr\/wp-json\/wp\/v2\/media?parent=515654"}],"wp:term":[{"taxonomy":"category","embeddable":true,"href":"https:\/\/www.europesays.com\/fr\/wp-json\/wp\/v2\/categories?post=515654"},{"taxonomy":"post_tag","embeddable":true,"href":"https:\/\/www.europesays.com\/fr\/wp-json\/wp\/v2\/tags?post=515654"}],"curies":[{"name":"wp","href":"https:\/\/api.w.org\/{rel}","templated":true}]}}