{"id":515680,"date":"2025-11-06T10:36:17","date_gmt":"2025-11-06T10:36:17","guid":{"rendered":"https:\/\/www.europesays.com\/fr\/515680\/"},"modified":"2025-11-06T10:36:17","modified_gmt":"2025-11-06T10:36:17","slug":"la-revente-de-sfr-par-altice-france-a-bel-et-bien-commence","status":"publish","type":"post","link":"https:\/\/www.europesays.com\/fr\/515680\/","title":{"rendered":"La revente de SFR par Altice France a bel et bien commenc\u00e9"},"content":{"rendered":"<p>Malgr\u00e9 le refus de SFR de se vendre \u00e0 Bouygues Telecom, Free et Orange, l\u2019op\u00e9rateur au carr\u00e9 rouge a bel et bien commenc\u00e9 \u00e0 \u00eatre vendu, \u00e0 la d\u00e9coupe.<\/p>\n<p><a target=\"_blank\" href=\"https:\/\/images.frandroid.com\/wp-content\/uploads\/2025\/10\/valeur-sfr-2.jpg\" class=\"article-content__figure\" rel=\"nofollow noopener\"><img fetchpriority=\"high\" decoding=\"async\" loading=\"eager\" width=\"1200\" height=\"675\" src=\"https:\/\/www.europesays.com\/fr\/wp-content\/uploads\/2025\/11\/valeur-sfr-2.jpg\" alt=\"\" class=\"wp-image-2834245 wp-image wp-image\"  \/><\/a><\/p>\n<p>Apr\u00e8s plusieurs mois de rumeurs, n\u00e9gociations et r\u00e9v\u00e9lations dans la presse, les op\u00e9rateurs <a href=\"https:\/\/www.frandroid.com\/telecom\/2831867_le-rachat-de-sfr-est-lance-bouygues-orange-et-free-annoncent-deposer-une-offre-de-rachat-conjointe\" rel=\"nofollow noopener\" target=\"_blank\">Bouygues Telecom, Free et Orange ont officiellement fait une proposition de rachat de SFR<\/a> \u00e0 Altice France, sa maison m\u00e8re, pour 17 milliards d\u2019euros.<\/p>\n<p>L\u2019offre a \u00e9t\u00e9 <a href=\"https:\/\/www.frandroid.com\/marques\/sfr\/2832441_rachat-de-sfr-altice-france-rejette-immediatement-loffre-de-rachat-dorange-bouygues-et-free\" rel=\"nofollow noopener\" target=\"_blank\">imm\u00e9diatement refus\u00e9e par Altice France<\/a>, mais cela n\u2019emp\u00eache pas la maison m\u00e8re de bel et bien proc\u00e9der \u00e0 la vente \u00e0 la d\u00e9coupe de l\u2019op\u00e9rateur au carr\u00e9 rouge.<\/p>\n<p class=\"bottom-text\">                <a href=\"https:\/\/www.youtube.com\/watch?v=F1FssDVWU-0\" target=\"_blank\" rel=\"nofollow noopener\">Lien YouTube<\/a>                                    <a href=\"https:\/\/www.youtube.com\/subscription_center?add_user=FrAndroidTube\" target=\"_blank\" rel=\"nofollow noopener\">S\u2019abonner \u00e0 Frandroid<\/a>                            <\/p>\n<p>                Ce contenu est bloqu\u00e9 car vous n\u2019avez pas accept\u00e9 les cookies et autres traceurs. Ce contenu est fourni par YouTube.<br \/>Pour pouvoir le visualiser, vous devez accepter l\u2019usage \u00e9tant op\u00e9r\u00e9 par YouTube avec vos donn\u00e9es qui pourront \u00eatre utilis\u00e9es pour les finalit\u00e9s suivantes : vous permettre de visualiser et de partager des contenus avec des m\u00e9dias sociaux, favoriser le d\u00e9veloppement et l\u2019am\u00e9lioration des produits d\u2019Humanoid et de ses partenaires, vous afficher des publicit\u00e9s personnalis\u00e9es par rapport \u00e0 votre profil et activit\u00e9, vous d\u00e9finir un profil publicitaire personnalis\u00e9, mesurer la performance des publicit\u00e9s et du contenu de ce site et mesurer l\u2019audience de ce site <a href=\"#\" class=\"js-privacy\" target=\"_blank\">(en savoir plus)<\/a>            <\/p>\n<p>                En cliquant sur \u00ab J\u2019accepte tout \u00bb, vous consentez aux finalit\u00e9s susmentionn\u00e9es pour l\u2019ensemble des cookies et autres traceurs d\u00e9pos\u00e9s par Humanoid et <a class=\"embed-consent-overlay-vendors-link\" href=\"#preferences-vendeurs\">ses partenaires<\/a>.            <\/p>\n<p>                Vous gardez la possibilit\u00e9 de retirer votre consentement \u00e0 tout moment. Pour plus d\u2019informations, nous vous invitons \u00e0 prendre connaissance de notre <a href=\"https:\/\/www.frandroid.com\/politique-cookies\" rel=\"nofollow noopener\" target=\"_blank\">Politique cookies<\/a>.            <\/p>\n<p>            J\u2019accepte tout        <\/p>\n<p class=\"embed-consent-overlay-manage-choices\">            <a href=\"#preferences-publicitaires\">G\u00e9rer mes choix<\/a>        <\/p>\n<p>SFR revend NetCo, mais c\u2019est quoi NetCo ?<\/p>\n<p>On apprend par <a target=\"_blank\" href=\"https:\/\/www.linforme.com\/tech-telecom\/article\/sfr-espere-vendre-son-reseau-d-infrastructures-netco-pour-4-5-a-6-milliards-d-euros_3365.html\" rel=\"nofollow noopener\">l\u2019Inform\u00e9 <\/a>que SFR a mis en vente NetCo. Il s\u2019agit en fait d\u2019une partie de son r\u00e9seau Internet en France : des kilom\u00e8tres de fibre optique, de c\u00e2ble et de r\u00e9seaux. Il s\u2019agit d\u2019une infrastructure cl\u00e9 dont SFR esp\u00e8re tirer au moins 4,5 \u00e0 6 milliards d\u2019euros.<\/p>\n<p>Avec ce plan de revente, Altice ne referme pas compl\u00e8tement la porte \u00e0 une revente de SFR \u00e0 ses concurrents directs. En effet, il pourrait s\u2019agir de faire monter la valeur totale de l\u2019entreprise.<\/p>\n<p>D\u2019une certaine mani\u00e8re, cela laisse plut\u00f4t l\u2019impression qu\u2019Altice France commence la vente \u00e0 la d\u00e9coupe de SFR en d\u00e9butant par les restes, pour mieux faire monter les ench\u00e8res sur le plat de r\u00e9sistance.<\/p>\n<p>Dans le m\u00eame ordre d\u2019id\u00e9e, Altice aimerait visiblement revendre XpFibre, l\u00e0 aussi une filiale charg\u00e9e du raccordement en fibre des clients, couvrant plus de 7 millions de prises en France.<\/p>\n<p>Dans cette strat\u00e9gie, la revente se ferait \u00e0 des fonds d\u2019investissements et non \u00e0 des acteurs du secteur des t\u00e9l\u00e9com. Une chose est s\u00fbr, le sujet de la revente de SFR est bel et bien toujours sur la table.<\/p>\n","protected":false},"excerpt":{"rendered":"Malgr\u00e9 le refus de SFR de se vendre \u00e0 Bouygues Telecom, Free et Orange, l\u2019op\u00e9rateur au carr\u00e9 rouge&hellip;\n","protected":false},"author":2,"featured_media":515681,"comment_status":"","ping_status":"","sticky":false,"template":"","format":"standard","meta":{"footnotes":""},"categories":[6],"tags":[270,35,33,34,1011,27],"class_list":{"0":"post-515680","1":"post","2":"type-post","3":"status-publish","4":"format-standard","5":"has-post-thumbnail","7":"category-economie","8":"tag-breaking","9":"tag-business","10":"tag-economie","11":"tag-economy","12":"tag-fr","13":"tag-france"},"share_on_mastodon":{"url":"https:\/\/pubeurope.com\/@fr\/115502317108678021","error":""},"_links":{"self":[{"href":"https:\/\/www.europesays.com\/fr\/wp-json\/wp\/v2\/posts\/515680","targetHints":{"allow":["GET"]}}],"collection":[{"href":"https:\/\/www.europesays.com\/fr\/wp-json\/wp\/v2\/posts"}],"about":[{"href":"https:\/\/www.europesays.com\/fr\/wp-json\/wp\/v2\/types\/post"}],"author":[{"embeddable":true,"href":"https:\/\/www.europesays.com\/fr\/wp-json\/wp\/v2\/users\/2"}],"replies":[{"embeddable":true,"href":"https:\/\/www.europesays.com\/fr\/wp-json\/wp\/v2\/comments?post=515680"}],"version-history":[{"count":0,"href":"https:\/\/www.europesays.com\/fr\/wp-json\/wp\/v2\/posts\/515680\/revisions"}],"wp:featuredmedia":[{"embeddable":true,"href":"https:\/\/www.europesays.com\/fr\/wp-json\/wp\/v2\/media\/515681"}],"wp:attachment":[{"href":"https:\/\/www.europesays.com\/fr\/wp-json\/wp\/v2\/media?parent=515680"}],"wp:term":[{"taxonomy":"category","embeddable":true,"href":"https:\/\/www.europesays.com\/fr\/wp-json\/wp\/v2\/categories?post=515680"},{"taxonomy":"post_tag","embeddable":true,"href":"https:\/\/www.europesays.com\/fr\/wp-json\/wp\/v2\/tags?post=515680"}],"curies":[{"name":"wp","href":"https:\/\/api.w.org\/{rel}","templated":true}]}}