{"id":515690,"date":"2025-11-06T10:41:10","date_gmt":"2025-11-06T10:41:10","guid":{"rendered":"https:\/\/www.europesays.com\/fr\/515690\/"},"modified":"2025-11-06T10:41:10","modified_gmt":"2025-11-06T10:41:10","slug":"saint-etienne-le-sapin-de-noel-est-arrive-place-jean-jaures","status":"publish","type":"post","link":"https:\/\/www.europesays.com\/fr\/515690\/","title":{"rendered":"Saint-\u00c9tienne : le sapin de No\u00ebl est arriv\u00e9 place Jean-Jaur\u00e8s"},"content":{"rendered":"<p>La magie de No\u00ebl s&rsquo;installe \u00e0 Saint-\u00c9tienne : le grand sapin a \u00e9t\u00e9 install\u00e9, ce jeudi 6 novembre, sur la place Jean-Jaur\u00e8s.<\/p>\n<p>D\u00e9j\u00e0 un air de f\u00eate dans les rues de <b>Saint-\u00c9tienne<\/b>.<\/p>\n<p>Comme chaque ann\u00e9e \u00e0 la m\u00eame p\u00e9riode, le <b>grand sapin de No\u00ebl<\/b> a d\u00e9barqu\u00e9, ce jeudi, sur la <b>place Jean-Jaur\u00e8s<\/b>. Un arbre d&rsquo;une quinzaine de m\u00e8tres install\u00e9 au petit matin.<\/p>\n<p>Coup d&rsquo;envoi du march\u00e9 de No\u00ebl le 21 novembre<\/p>\n<p>Issu des for\u00eats locales, le sapin va d\u00e9sormais la ville durant toute la p\u00e9riode des f\u00eates avant d&rsquo;\u00eatre valoris\u00e9 pour alimenter les chaudi\u00e8res municipales, pr\u00e9cise la Ville de Saint-\u00c9tienne.<\/p>\n<p>Il va donc pouvoir \u00eatre d\u00e9cor\u00e9, en attendant l&rsquo;arriv\u00e9e de la <b>grande roue<\/b> et des chalets du traditionnel <b>march\u00e9 de No\u00ebl<\/b>, place de l&rsquo;H\u00f4tel de Ville, pour lancer les f\u00eates de fin d&rsquo;ann\u00e9e. Un march\u00e9 qui ouvrira ses portes du 21 novembre au 31 d\u00e9cembre.<\/p>\n<p><img loading=\"lazy\" decoding=\"async\" src=\"https:\/\/www.europesays.com\/fr\/wp-content\/uploads\/2025\/11\/1762425670_346_img\" width=\"350\" height=\"200\" border=\"0\" title=\"La F\u00c3\u00aate des Lumi\u00c3\u00a8res 2025 \u00c3\u00a0 Lyon, c'est pour bient\u00c3\u00b4t !\"\/><\/p>\n<p>\u25baCulture<\/p>\n<p style=\"font-size: 22px;\"><b>F\u00eate des Lumi\u00e8res \u00e0 Lyon : les \u0153uvres \u00e0 ne pas rater de cette \u00e9dition 2025 !<\/b><\/p>\n<p>Le programme de la F\u00eate des Lumi\u00e8res \u00e0 Lyon (5-8&#8230;<\/p>\n<p><\/p>\n","protected":false},"excerpt":{"rendered":"La magie de No\u00ebl s&rsquo;installe \u00e0 Saint-\u00c9tienne : le grand sapin a \u00e9t\u00e9 install\u00e9, ce jeudi 6 novembre,&hellip;\n","protected":false},"author":2,"featured_media":515691,"comment_status":"","ping_status":"","sticky":false,"template":"","format":"standard","meta":{"footnotes":""},"categories":[9653],"tags":[1111,11,2430,1777,674,1011,27,63631,12,63629,63630,25,9920,4001,63446],"class_list":{"0":"post-515690","1":"post","2":"type-post","3":"status-publish","4":"format-standard","5":"has-post-thumbnail","7":"category-saint-etienne","8":"tag-actu","9":"tag-actualites","10":"tag-auvergne-rhone-alpes","11":"tag-eu","12":"tag-europe","13":"tag-fr","14":"tag-france","15":"tag-march-de-nol","16":"tag-news","17":"tag-nol","18":"tag-place-jean-jaurs","19":"tag-republique-francaise","20":"tag-saint-tienne","21":"tag-saint-etienne","22":"tag-sapin"},"share_on_mastodon":{"url":"https:\/\/pubeurope.com\/@fr\/115502336982394682","error":""},"_links":{"self":[{"href":"https:\/\/www.europesays.com\/fr\/wp-json\/wp\/v2\/posts\/515690","targetHints":{"allow":["GET"]}}],"collection":[{"href":"https:\/\/www.europesays.com\/fr\/wp-json\/wp\/v2\/posts"}],"about":[{"href":"https:\/\/www.europesays.com\/fr\/wp-json\/wp\/v2\/types\/post"}],"author":[{"embeddable":true,"href":"https:\/\/www.europesays.com\/fr\/wp-json\/wp\/v2\/users\/2"}],"replies":[{"embeddable":true,"href":"https:\/\/www.europesays.com\/fr\/wp-json\/wp\/v2\/comments?post=515690"}],"version-history":[{"count":0,"href":"https:\/\/www.europesays.com\/fr\/wp-json\/wp\/v2\/posts\/515690\/revisions"}],"wp:featuredmedia":[{"embeddable":true,"href":"https:\/\/www.europesays.com\/fr\/wp-json\/wp\/v2\/media\/515691"}],"wp:attachment":[{"href":"https:\/\/www.europesays.com\/fr\/wp-json\/wp\/v2\/media?parent=515690"}],"wp:term":[{"taxonomy":"category","embeddable":true,"href":"https:\/\/www.europesays.com\/fr\/wp-json\/wp\/v2\/categories?post=515690"},{"taxonomy":"post_tag","embeddable":true,"href":"https:\/\/www.europesays.com\/fr\/wp-json\/wp\/v2\/tags?post=515690"}],"curies":[{"name":"wp","href":"https:\/\/api.w.org\/{rel}","templated":true}]}}