{"id":515701,"date":"2025-11-06T10:47:12","date_gmt":"2025-11-06T10:47:12","guid":{"rendered":"https:\/\/www.europesays.com\/fr\/515701\/"},"modified":"2025-11-06T10:47:12","modified_gmt":"2025-11-06T10:47:12","slug":"les-trottinettes-electriques-interdites-dans-le-centre-ville","status":"publish","type":"post","link":"https:\/\/www.europesays.com\/fr\/515701\/","title":{"rendered":"les trottinettes \u00e9lectriques interdites dans le centre-ville"},"content":{"rendered":"<p>            Par<br \/>\n        <strong><br \/>\n            <a href=\"https:\/\/actu.fr\/auteur\/metropoop\" title=\"Consulter tous les articles de R\u00e9daction M\u00e9tropolitain\" rel=\"nofollow noopener\" target=\"_blank\">R\u00e9daction M\u00e9tropolitain<\/a><br \/>\n        <\/strong><\/p>\n<p>        Publi\u00e9 le<\/p>\n<p>            6 nov. 2025 \u00e0 11h05        <\/p>\n<p><strong>La Ville de Montpellier<\/strong> a pris ce jeudi 6 novembre un arr\u00eat\u00e9 <strong>interdisant l\u2019usage des trottinettes \u00e9lectriques<\/strong>, ainsi que tout autre Engins de D\u00e9placement Personnel Motoris\u00e9s (monoroues, gyropodes, hoverboards\u2026), sur les principaux axes de la zone pi\u00e9tonne du centre-ville.<\/p>\n<p>Des sanctions<\/p>\n<p class=\" wall-content\">Afin de prot\u00e9ger les personnes vuln\u00e9rables que sont les personnes \u00e2g\u00e9es, les enfants et les personnes en situation de handicap, le maire de Montpellier Micha\u00ebl Delafosse a pris un arr\u00eat\u00e9 municipal ce jeudi 6 novembre interdisant l\u2019usage des trottinettes \u00e9lectriques, et autres engins de type gyropode ou hoverboard.<\/p>\n<p class=\" wall-content\">Par respect pour les pi\u00e9tons, il est donc dor\u00e9navant obligatoire de mettre pied \u00e0 terre sous peine de s\u2019exposer \u00e0 une amende de 90\u20ac, de saisie de la trottinette si celle-ci est d\u00e9brid\u00e9e ou en d\u00e9faut d\u2019assurance. L\u2019arr\u00eat\u00e9 est permanent, de jour comme de nuit, toute la semaine. Aucune d\u00e9rogation, comme par exemple pour les livreurs, n\u2019est pr\u00e9vue.\u00a0<\/p>\n<p class=\" wall-content\">Les voies concern\u00e9es :\u00a0<br \/>\u2013 Rue Jacques Coeur, du Passage Bruyas jusqu\u2019\u00e0 la Rue de la Loge.<br \/>\u2013 Rue de la Loge.<br \/>\u2013 Rue des \u00c9tuves.<br \/>\u2013 Place de la Com\u00e9die.<br \/>\u2013 Rue de Maguelone, de la Rue Joffre jusqu\u2019\u00e0 la Place de la Com\u00e9die. <br \/>\u2013 Rue Boussairolles, de la Rue Alfred Bruyas jusqu\u2019\u00e0 la Place de la Com\u00e9die.<br \/>\u2013 Avenue Fr\u00e9d\u00e9ric Mistral.<br \/>\u2013 Esplanade Charles de Gaulle.<\/p>\n<p>    <img   decoding=\"async\" loading=\"lazy\" src=\"https:\/\/www.europesays.com\/fr\/wp-content\/uploads\/2025\/11\/zone-dinterdiction-trottinette-montpellier-960x640.jpg\" alt=\"Le p\u00e9rim\u00e8tre concern\u00e9 par l'arr\u00eat\u00e9 municipal.\" width=\"960\" height=\"640\"\/><br \/>\n    Le p\u00e9rim\u00e8tre concern\u00e9 par l\u2019arr\u00eat\u00e9 municipal. (\u00a9Ville de Montpellier)Vid\u00e9os : en ce moment sur ActuUne bonne cohabitation<\/p>\n<p class=\" wall-content\">Un dispositif d\u2019information sera d\u00e9ploy\u00e9 d\u00e8s ce jeudi 6 novembre 2025, aux principales entr\u00e9es du secteur Com\u00e9die. Enfin, d\u00e8s le 27 novembre 2025, la galerie cyclable sera une alternative efficace pour les cyclistes et les EDPM (avec une vitesse maximale autoris\u00e9e de 25km\/h pour ces engins sur les pistes cyclables) afin de traverser ce secteur en deux minutes sans conflit d\u2019usage.<\/p>\n<p class=\" wall-content\">L\u2019objectif, dans le cadre de la politique globale conduite en faveur du confort et de la s\u00e9curit\u00e9 des pi\u00e9tons \u00e0 l\u2019\u00e9chelle du c\u0153ur de ville \u00e9largi, \u00e9tant une cohabitation s\u00e9curis\u00e9e et un partage respectueux de l\u2019espace public entre les pi\u00e9tions et les EDPM.<\/p>\n<p class=\" wall-content\">Personnalisez votre actualit\u00e9 en ajoutant vos villes et m\u00e9dias en favori avec <a href=\"https:\/\/moncompte.actu.fr\" title=\"D\u00e9couvez Mon Actu\" rel=\"nofollow noopener\" data-trk=\"{&quot;cta&quot;:{&quot;action&quot;:&quot;https:\\\/\\\/moncompte.actu.fr&quot;,&quot;category&quot;:&quot;mon compte&quot;,&quot;from&quot;:&quot;article footer&quot;,&quot;name&quot;:&quot;Mon actu&quot;,&quot;type&quot;:&quot;cta&quot;}}\" target=\"_blank\">Mon Actu<\/a>.<\/p>\n","protected":false},"excerpt":{"rendered":"Par R\u00e9daction M\u00e9tropolitain Publi\u00e9 le 6 nov. 2025 \u00e0 11h05 La Ville de Montpellier a pris ce jeudi&hellip;\n","protected":false},"author":2,"featured_media":515702,"comment_status":"","ping_status":"","sticky":false,"template":"","format":"standard","meta":{"footnotes":""},"categories":[9599],"tags":[1111,11,1777,674,1011,27,2208,12,2680,1072,25,104,6960],"class_list":{"0":"post-515701","1":"post","2":"type-post","3":"status-publish","4":"format-standard","5":"has-post-thumbnail","7":"category-montpellier","8":"tag-actu","9":"tag-actualites","10":"tag-eu","11":"tag-europe","12":"tag-fr","13":"tag-france","14":"tag-montpellier","15":"tag-news","16":"tag-occitanie","17":"tag-police","18":"tag-republique-francaise","19":"tag-societe","20":"tag-trottinette-electrique"},"share_on_mastodon":{"url":"https:\/\/pubeurope.com\/@fr\/115502360324714857","error":""},"_links":{"self":[{"href":"https:\/\/www.europesays.com\/fr\/wp-json\/wp\/v2\/posts\/515701","targetHints":{"allow":["GET"]}}],"collection":[{"href":"https:\/\/www.europesays.com\/fr\/wp-json\/wp\/v2\/posts"}],"about":[{"href":"https:\/\/www.europesays.com\/fr\/wp-json\/wp\/v2\/types\/post"}],"author":[{"embeddable":true,"href":"https:\/\/www.europesays.com\/fr\/wp-json\/wp\/v2\/users\/2"}],"replies":[{"embeddable":true,"href":"https:\/\/www.europesays.com\/fr\/wp-json\/wp\/v2\/comments?post=515701"}],"version-history":[{"count":0,"href":"https:\/\/www.europesays.com\/fr\/wp-json\/wp\/v2\/posts\/515701\/revisions"}],"wp:featuredmedia":[{"embeddable":true,"href":"https:\/\/www.europesays.com\/fr\/wp-json\/wp\/v2\/media\/515702"}],"wp:attachment":[{"href":"https:\/\/www.europesays.com\/fr\/wp-json\/wp\/v2\/media?parent=515701"}],"wp:term":[{"taxonomy":"category","embeddable":true,"href":"https:\/\/www.europesays.com\/fr\/wp-json\/wp\/v2\/categories?post=515701"},{"taxonomy":"post_tag","embeddable":true,"href":"https:\/\/www.europesays.com\/fr\/wp-json\/wp\/v2\/tags?post=515701"}],"curies":[{"name":"wp","href":"https:\/\/api.w.org\/{rel}","templated":true}]}}