{"id":515703,"date":"2025-11-06T10:48:11","date_gmt":"2025-11-06T10:48:11","guid":{"rendered":"https:\/\/www.europesays.com\/fr\/515703\/"},"modified":"2025-11-06T10:48:11","modified_gmt":"2025-11-06T10:48:11","slug":"a-oissel-sa-drole-de-facon-de-promener-son-chien-le-fait-atterrir-en-garde-a-vue","status":"publish","type":"post","link":"https:\/\/www.europesays.com\/fr\/515703\/","title":{"rendered":"\u00c0 Oissel, sa dr\u00f4le de fa\u00e7on de promener son chien le fait atterrir en garde \u00e0 vue"},"content":{"rendered":"<p>            Par<br \/>\n        <strong><br \/>\n            <a href=\"https:\/\/actu.fr\/auteur\/julien-bouteiller\" title=\"Consulter tous les articles de Julien Bouteiller\" target=\"_blank\" rel=\"noopener\">Julien Bouteiller<\/a><br \/>\n        <\/strong><\/p>\n<p>        Publi\u00e9 le<\/p>\n<p>            6 nov. 2025 \u00e0 11h39        <\/p>\n<p>Il n\u2019\u00e9tait pas le cambrioleur qu\u2019il semblait \u00eatre, mais il a tout de m\u00eame \u00e9t\u00e9 interpell\u00e9. Dans la nuit du 5 au 6 novembre 2025, la police a arr\u00eat\u00e9 un jeune homme \u00e0 <a href=\"https:\/\/actu.fr\/normandie\/oissel_76484\" target=\"_blank\" rel=\"noopener\">Oissel<\/a>, <strong>dont l\u2019attitude au volant semblait suspecte.<\/strong><\/p>\n<p>Il roulait un peu trop lentement<\/p>\n<p class=\" wall-content\">Selon une source polici\u00e8re, vers minuit, la station directrice de la police rep\u00e8re un automobiliste suspect, <strong>rue de la Sablonni\u00e8re<\/strong> \u00e0 Oissel, pr\u00e8s de Rouen. \u00ab\u00a0Il roulait<strong> \u00e0 tr\u00e8s faible allure<\/strong>, comme s\u2019il faisait des rep\u00e9rages\u00a0\u00bb, nous indique notre source.<\/p>\n<p class=\" wall-content\">Une patrouille est donc envoy\u00e9e sur place et constate en effet qu\u2019une Clio roule tr\u00e8s lentement. Plus surprenant, \u00ab\u00a0le conducteur<strong> tient en laisse un chien, depuis l\u2019habitacle<\/strong>, et le fait courir \u00e0 c\u00f4t\u00e9 de la voiture\u00a0\u00bb.<\/p>\n<p>La promenade du chien finit en garde \u00e0 vue<\/p>\n<p class=\" wall-content\">Interpell\u00e9, le jeune homme \u00ab\u00a0dit qu\u2019il est en train de faire courir son American staff pour le d\u00e9tendre\u00a0\u00bb. Rien de r\u00e9pr\u00e9hensible \u00e0 premi\u00e8re vue dans cette \u00e9trange promenade. Sauf que le conducteur n\u2019est pas en mesure de pr\u00e9senter les papiers du v\u00e9hicule.<\/p>\n<p class=\" wall-content\">\u00ab\u00a0Il d\u00e9clare avoir 25 ans, mais un passage au fichier des permis de conduire montre que son identit\u00e9 ne correspond pas \u00e0 celle donn\u00e9e.\u00a0\u00bb L\u2019homme de 27 ans a en fait donn\u00e9 l\u2019identit\u00e9 de son fr\u00e8re, <strong>car il n\u2019a pas le permis de conduire.<\/strong><\/p>\n<p>Vid\u00e9os : en ce moment sur Actu<\/p>\n<p class=\" wall-content\">R\u00e9sultat, il est plac\u00e9 en garde \u00e0 vue pour conduite malgr\u00e9 la suspension de son permis.<\/p>\n<p>Suivez l\u2019actualit\u00e9 de Rouen <a href=\"https:\/\/www.whatsapp.com\/channel\/0029VaKfnf99hXF2ddApFB1D\" target=\"_blank\" rel=\"noopener\">sur notre cha\u00eene WhatsApp<\/a> et <a href=\"https:\/\/www.tiktok.com\/@76actu.fr?lang=fr\" target=\"_blank\" rel=\"noopener\">sur notre compte TikTok<\/a><\/p>\n<p class=\" wall-content\">Personnalisez votre actualit\u00e9 en ajoutant vos villes et m\u00e9dias en favori avec <a href=\"https:\/\/moncompte.actu.fr\" title=\"D\u00e9couvez Mon Actu\" rel=\"nofollow noopener\" data-trk=\"{&quot;cta&quot;:{&quot;action&quot;:&quot;https:\\\/\\\/moncompte.actu.fr&quot;,&quot;category&quot;:&quot;mon compte&quot;,&quot;from&quot;:&quot;article footer&quot;,&quot;name&quot;:&quot;Mon actu&quot;,&quot;type&quot;:&quot;cta&quot;}}\" target=\"_blank\">Mon Actu<\/a>.<\/p>\n<p>                    <script async src=\"\/\/www.tiktok.com\/embed.js\"><\/script><\/p>\n","protected":false},"excerpt":{"rendered":"Par Julien Bouteiller Publi\u00e9 le 6 nov. 2025 \u00e0 11h39 Il n\u2019\u00e9tait pas le cambrioleur qu\u2019il semblait \u00eatre,&hellip;\n","protected":false},"author":2,"featured_media":515704,"comment_status":"","ping_status":"","sticky":false,"template":"","format":"standard","meta":{"footnotes":""},"categories":[9587],"tags":[1111,11,1777,674,118,1011,27,1757,12,5161,1072,25,9590],"class_list":{"0":"post-515703","1":"post","2":"type-post","3":"status-publish","4":"format-standard","5":"has-post-thumbnail","7":"category-rouen","8":"tag-actu","9":"tag-actualites","10":"tag-eu","11":"tag-europe","12":"tag-faits-divers","13":"tag-fr","14":"tag-france","15":"tag-insolite","16":"tag-news","17":"tag-normandie","18":"tag-police","19":"tag-republique-francaise","20":"tag-rouen"},"share_on_mastodon":{"url":"https:\/\/pubeurope.com\/@fr\/115502363750261918","error":""},"_links":{"self":[{"href":"https:\/\/www.europesays.com\/fr\/wp-json\/wp\/v2\/posts\/515703","targetHints":{"allow":["GET"]}}],"collection":[{"href":"https:\/\/www.europesays.com\/fr\/wp-json\/wp\/v2\/posts"}],"about":[{"href":"https:\/\/www.europesays.com\/fr\/wp-json\/wp\/v2\/types\/post"}],"author":[{"embeddable":true,"href":"https:\/\/www.europesays.com\/fr\/wp-json\/wp\/v2\/users\/2"}],"replies":[{"embeddable":true,"href":"https:\/\/www.europesays.com\/fr\/wp-json\/wp\/v2\/comments?post=515703"}],"version-history":[{"count":0,"href":"https:\/\/www.europesays.com\/fr\/wp-json\/wp\/v2\/posts\/515703\/revisions"}],"wp:featuredmedia":[{"embeddable":true,"href":"https:\/\/www.europesays.com\/fr\/wp-json\/wp\/v2\/media\/515704"}],"wp:attachment":[{"href":"https:\/\/www.europesays.com\/fr\/wp-json\/wp\/v2\/media?parent=515703"}],"wp:term":[{"taxonomy":"category","embeddable":true,"href":"https:\/\/www.europesays.com\/fr\/wp-json\/wp\/v2\/categories?post=515703"},{"taxonomy":"post_tag","embeddable":true,"href":"https:\/\/www.europesays.com\/fr\/wp-json\/wp\/v2\/tags?post=515703"}],"curies":[{"name":"wp","href":"https:\/\/api.w.org\/{rel}","templated":true}]}}