{"id":515710,"date":"2025-11-06T10:52:12","date_gmt":"2025-11-06T10:52:12","guid":{"rendered":"https:\/\/www.europesays.com\/fr\/515710\/"},"modified":"2025-11-06T10:52:12","modified_gmt":"2025-11-06T10:52:12","slug":"une-operation-siderante-de-manipulation-lavenir-de-la-patinoire-enflamme-la-campagne-des-municipales-a-rennes","status":"publish","type":"post","link":"https:\/\/www.europesays.com\/fr\/515710\/","title":{"rendered":"\u00ab\u00a0Une op\u00e9ration sid\u00e9rante de manipulation\u00a0\u00bb\u00a0: l\u2019avenir de la patinoire enflamme la campagne des municipales \u00e0 Rennes"},"content":{"rendered":"<p>C\u2019est le sujet de la semaine de la campagne des municipales \u00e0 Rennes. Apr\u00e8s la <a href=\"https:\/\/www.letelegramme.fr\/ille-et-vilaine\/rennes-35000\/envisager-de-fermer-le-blizz-serait-dramatique-a-rennes-la-patinoire-est-elle-en-danger-6922947.php\" target=\"_blank\" rel=\"noopener\">p\u00e9tition lanc\u00e9e par Charles Compagnon sur le devenir du Blizz<\/a>, la patinoire rennaise s\u2019est retrouv\u00e9e en premi\u00e8re ligne. L\u2019\u00e9lu d\u2019opposition, co-chef de file de la liste Vivre Rennes, estime que \u00ab le risque de fermeture de la patinoire est s\u00e9rieux \u00bb. L\u2019\u00e9quipement est jug\u00e9 \u00e9nergivore par les \u00c9cologistes rennais, qui demandent la mise en place d\u2019un jury citoyen charg\u00e9 de trancher sur son avenir.<\/p>\n<p>\u00ab Des actes d\u2019un c\u00f4t\u00e9, un proc\u00e8s en sorcellerie de l\u2019autre \u00bb<\/p>\n<p>La patinoire est-elle donc r\u00e9ellement menac\u00e9e ? Une question qui a fait bondir Honor\u00e9 Puil, conseilleur municipal de la majorit\u00e9. \u00ab Toutes celles et ceux qui signent cette p\u00e9tition font l\u2019objet d\u2019une op\u00e9ration sid\u00e9rante de manipulation \u00bb, s\u2019est offusqu\u00e9 l\u2019\u00e9lu sur les r\u00e9seaux sociaux, ce mercredi 5 novembre. Avant de s\u2019adresser directement \u00e0 Charles Compagnon : \u00ab Vous dites que vous pr\u00e9serverez la patinoire. Pour le moment, c\u2019est bien la maire et sa majorit\u00e9 qui proposent au vote une d\u00e9lib\u00e9ration venant garantir l\u2019avenir de la patinoire et du sport de glace ! Des actes d\u2019un c\u00f4t\u00e9, un proc\u00e8s en sorcellerie de l\u2019autre ! Lancer une p\u00e9tition sur un non sujet, puisque le conseil municipal a valid\u00e9 pour huit ans un contrat de concession de service public au b\u00e9n\u00e9fice du sport de glace, est tout de m\u00eame incroyable ! \u00bb<\/p>\n<p>\u00ab Dire que les \u00e9lus \u00e9cologistes veulent fermer la patinoire, est-ce un mensonge ? \u00bb<\/p>\n<p>Dans ce jeu de ping-pong par smartphones interpos\u00e9s, la r\u00e9ponse de Charles Compagnon ne s\u2019est pas fait attendre : \u00ab Il n\u2019y a aucun mensonge et aucune manipulation. Dire que les \u00e9lus \u00e9cologistes veulent fermer la patinoire, est-ce un mensonge ? Non. Ils l\u2019ont dit et r\u00e9p\u00e9t\u00e9 trois fois en conseil municipal, y compris au dernier. Alors plut\u00f4t que de se r\u00e9fugier derri\u00e8re les petites phrases ou des contrats de concession dont on sait pertinemment qu\u2019ils peuvent \u00eatre amend\u00e9s \u00e0 tout moment par la majorit\u00e9 en place, dites simplement aux Rennais la v\u00e9rit\u00e9 : voulez-vous pr\u00e9server la patinoire Le Blizz ou la transformer ? Voulez-vous soutenir les sports de glace \u00e0 Rennes ou les marginaliser ? \u00bb<\/p>\n<p>Le sujet du Blizz a-t-il \u00e9t\u00e9 abord\u00e9 (et tranch\u00e9), lors de l\u2019accord entre les socialistes et les \u00e9cologistes en vue des municipales de 2026 ? Alors que la candidature de Nathalie App\u00e9r\u00e9 pour un troisi\u00e8me mandat n\u2019a pas \u00e9t\u00e9 officialis\u00e9e (bien qu\u2019elle ne fasse aucun doute), les clauses de l\u2019accord, notamment les projets port\u00e9s par les \u00e9cologistes qui figureront dans son programme, ne sont pas encore connues.<\/p>\n<p>\u00ab Nous serons au rendez-vous de la glisse pour les prochaines ann\u00e9es \u00bb<\/p>\n<p>Mais Fr\u00e9d\u00e9ric Bourcier, conseiller municipal (socialiste) aux sports, a apport\u00e9 une r\u00e9ponse, toujours sur les r\u00e9seaux sociaux. \u00ab L\u2019un des repr\u00e9sentants de l\u2019opposition au conseil municipal verse dans la r\u00e9alit\u00e9 alternative. Le dernier conseil municipal a pourtant permis de valider un contrat d\u2019exploitation de la patinoire courant jusqu\u2019\u00e0 fin 2033. Soit ce repr\u00e9sentant a un conseil municipal de retard, soit un mandat d\u2019avance, mais que les Rennais se rassurent, nous serons au rendez-vous de la glisse pour les prochaines ann\u00e9es. Il est vrai qu\u2019il est plus ais\u00e9 d\u2019obtenir des victoires sur des sujets d\u00e9j\u00e0 trait\u00e9s et valid\u00e9s. \u00bb Fin du d\u00e9bat ?<\/p>\n","protected":false},"excerpt":{"rendered":"C\u2019est le sujet de la semaine de la campagne des municipales \u00e0 Rennes. Apr\u00e8s la p\u00e9tition lanc\u00e9e par&hellip;\n","protected":false},"author":2,"featured_media":515711,"comment_status":"","ping_status":"","sticky":false,"template":"","format":"standard","meta":{"footnotes":""},"categories":[2821],"tags":[1111,11,829,2761,1777,674,1011,27,848,26053,12,3364,584,25],"class_list":{"0":"post-515710","1":"post","2":"type-post","3":"status-publish","4":"format-standard","5":"has-post-thumbnail","7":"category-rennes","8":"tag-actu","9":"tag-actualites","10":"tag-bretagne","11":"tag-elections-municipales-2026","12":"tag-eu","13":"tag-europe","14":"tag-fr","15":"tag-france","16":"tag-ille-et-vilaine","17":"tag-municipales-2026-a-rennes","18":"tag-news","19":"tag-politique-a-rennes","20":"tag-rennes","21":"tag-republique-francaise"},"share_on_mastodon":{"url":"https:\/\/pubeurope.com\/@fr\/115502379503435059","error":""},"_links":{"self":[{"href":"https:\/\/www.europesays.com\/fr\/wp-json\/wp\/v2\/posts\/515710","targetHints":{"allow":["GET"]}}],"collection":[{"href":"https:\/\/www.europesays.com\/fr\/wp-json\/wp\/v2\/posts"}],"about":[{"href":"https:\/\/www.europesays.com\/fr\/wp-json\/wp\/v2\/types\/post"}],"author":[{"embeddable":true,"href":"https:\/\/www.europesays.com\/fr\/wp-json\/wp\/v2\/users\/2"}],"replies":[{"embeddable":true,"href":"https:\/\/www.europesays.com\/fr\/wp-json\/wp\/v2\/comments?post=515710"}],"version-history":[{"count":0,"href":"https:\/\/www.europesays.com\/fr\/wp-json\/wp\/v2\/posts\/515710\/revisions"}],"wp:featuredmedia":[{"embeddable":true,"href":"https:\/\/www.europesays.com\/fr\/wp-json\/wp\/v2\/media\/515711"}],"wp:attachment":[{"href":"https:\/\/www.europesays.com\/fr\/wp-json\/wp\/v2\/media?parent=515710"}],"wp:term":[{"taxonomy":"category","embeddable":true,"href":"https:\/\/www.europesays.com\/fr\/wp-json\/wp\/v2\/categories?post=515710"},{"taxonomy":"post_tag","embeddable":true,"href":"https:\/\/www.europesays.com\/fr\/wp-json\/wp\/v2\/tags?post=515710"}],"curies":[{"name":"wp","href":"https:\/\/api.w.org\/{rel}","templated":true}]}}