{"id":515712,"date":"2025-11-06T10:53:13","date_gmt":"2025-11-06T10:53:13","guid":{"rendered":"https:\/\/www.europesays.com\/fr\/515712\/"},"modified":"2025-11-06T10:53:13","modified_gmt":"2025-11-06T10:53:13","slug":"transports-horaires-ce-quil-faut-savoir","status":"publish","type":"post","link":"https:\/\/www.europesays.com\/fr\/515712\/","title":{"rendered":"transports, horaires\u2026 Ce qu&rsquo;il faut savoir"},"content":{"rendered":"<p>            Par<br \/>\n        <strong><br \/>\n            <a href=\"https:\/\/actu.fr\/auteur\/brian-legoff\" title=\"Consulter tous les articles de Brian Le Goff\" target=\"_blank\" rel=\"noopener\">Brian Le Goff<\/a><br \/>\n        <\/strong><\/p>\n<p>        Publi\u00e9 le<\/p>\n<p>            6 nov. 2025 \u00e0 11h30        <\/p>\n<p>Soyez pr\u00eats \u00e0 bouger votre corps dans une ambiance survolt\u00e9e ces vendredi\u00a07 et samedi 8\u00a0novembre. Ce week-end, le <a href=\"https:\/\/actu.fr\/bretagne\/rennes_35238\/enfin-un-zenith-a-rennes-ou-presque-le-musikhall-va-se-transformer-et-s-agrandir_61735403.html\" target=\"_blank\" rel=\"noopener\">Parc Expo de Rennes<\/a> accueille pour la seconde ann\u00e9e cons\u00e9cutive <strong>Madame Loyal, un festival \u00e9lectro<\/strong> o\u00f9 la disco, la house, la trans et la techno <strong>se m\u00ealent au monde du cirque et de la f\u00eate foraine.<\/strong><\/p>\n<p class=\" wall-content\">Durant deux jours, <strong>de 20h \u00e0 6h,<\/strong> ce sont plusieurs milliers de festivaliers qui vont investir diff\u00e9rents halls, qui compteront trois sc\u00e8nes, un technobus et pas moins de <strong>20\u2009000 m\u00b2 de dancefloor<\/strong>. Plus de <strong>30 DJ sets<\/strong> sont pr\u00e9vus.<\/p>\n<p class=\" wall-content\"><a href=\"https:\/\/www.instagram.com\/p\/DCTei8HgJpG\/embed\" title=\"Ouvrir le lien sur Instagram\" target=\"_blank\" rel=\"noopener\">Visualiser le contenu sur Instagram<\/a><\/p>\n<p>Complet<\/p>\n<p class=\" wall-content\">L\u2019\u00e9v\u00e9nement est complet et il faut<strong> se m\u00e9fier de la revente de places <\/strong>propos\u00e9es dans les commentaires sous les publications sur les r\u00e9seaux sociaux de Madame Loyal, soulignent les organisateurs, qui invitent celles et ceux recherchant un billet \u00e0 <strong>privil\u00e9gier l\u2019inscription en liste d\u2019attente<\/strong> sur la billetterie.<\/p>\n<p>Horaires<\/p>\n<p class=\" wall-content\">Pour ceux qui ont obtenu leur place, les horaires ont \u00e9t\u00e9 d\u00e9voil\u00e9s, ce mercredi. Les voici\u2009:<\/p>\n<p class=\" wall-content\">Le vendredi<\/p>\n<ul class=\" wall-content\">\n<li><strong>Sc\u00e8ne Fantasia\u2009:<\/strong> Gal\u00e8re Sucr\u00e9e (20h-23h), DJ Footbell (23h-00h30), Holy Priest (00h30-1h30), Shlomo (1h30-3h), I Hate Models (3h-5h), Lessss (5h-6h)\u2009;<\/li>\n<li><strong>Sc\u00e8ne Wonderland\u2009:<\/strong> YPO (20h-21h30), FritJof (21h30-23h), Darius (23h-00h30), Cassius B2B Bambounou (00h30-2h30), Kavinsky (2h30-3h30), Camille Doe (3h30-5h)\u2009;<\/li>\n<li><strong>Sc\u00e8ne Circus (By T\u00eates Brul\u00e9es)\u2009:<\/strong> Tremplin DJ (20h-22h), From Ze Oven (22h23h30), Meyjii (23h30-1h), Potal\u2019 (1h-2h30), Crever (2h30-3h30), Sibi &amp; Lori Booster (3h30-5h)\u2009;<\/li>\n<\/ul>\n<p class=\" wall-content\"><a href=\"https:\/\/www.instagram.com\/p\/DQq8J6_DS7-\/embed\" title=\"Ouvrir le lien sur Instagram\" target=\"_blank\" rel=\"noopener\">Visualiser le contenu sur Instagram<\/a><\/p>\n<p class=\" wall-content\">Le samedi<\/p>\n<p>Votre r\u00e9gion, votre actu !<\/p>\n<p>Recevez chaque jour les infos qui comptent pour vous.<\/p>\n<p>\t<a href=\"https:\/\/actu.fr\/newsletter\" class=\"ac-btn ac-btn--corner ac-btn--medium ac-btn--blue800\" target=\"_blank\" rel=\"noopener\">S&rsquo;incrire<\/a><\/p>\n<ul class=\" wall-content\">\n<li><strong>Sc\u00e8ne Fantasia\u2009:<\/strong> Valise (20h-22h30), Yasmin Gardezi (22h30-00h), Mischluft (00h-1h30), Odymel (1h30-3h), Omaks B2B Mad Dog (3h-4h30), Creeds (4h30-6h)\u2009;<\/li>\n<li>Sc\u00e8ne Wonderland\u2009: Polsnd &amp; Young\u2019s (20h-22h), Perceval (22h-23h), Infected Mushroom (23h-00h30), Protoksed &amp; Sk\u00f6ne Pr\u00e9s. Silence. (00h30-1h45), Shanixx (1h45-3h), BillX (3h-4h), Le Klown (4h-5h)\u2009;<\/li>\n<li>Sc\u00e8ne Circus (By T\u00eates Br\u00fbl\u00e9es)\u2009: Diblob (20h-00h), DJ Psychiatre (00h-1h30), Michel Hubert (1h30-3h), Eclo (3h-5h)\u2009;<\/li>\n<li><strong>Technobus (By Cord Room)\u2009:<\/strong> Secret Line-up (21h-5h).<\/li>\n<\/ul>\n<p>Comment s\u2019y rendre\u2009?<\/p>\n<p class=\" wall-content\">Si le Parc Expo de Rennes dispose de <strong>grands parkings<\/strong> pour accueillir les festivaliers venus en voiture, Madame Loyal a scell\u00e9 un partenariat avec le <a href=\"https:\/\/actu.fr\/tag\/reseau-star\" target=\"_blank\" rel=\"noopener\">r\u00e9seau Star<\/a> pour la mise en place de<strong> navettes sp\u00e9cifiques<\/strong> durant les deux jours du festival.<\/p>\n<p class=\" wall-content\">Ainsi, <strong>\u00e0 l\u2019aller, le d\u00e9part de Rennes se fera \u00e0 l\u2019arr\u00eat Saint-Jacques-Gait\u00e9<\/strong> (quai C6) vers le Parc Expo. Il y aura une navette <strong>toutes les 3 \u00e0 10\u00a0minutes<\/strong> environ, avec un <strong>premier d\u00e9part \u00e0 19h<\/strong> et un dernier \u00e0 00h59.<\/p>\n<p class=\" wall-content\"><strong>Pour le retour,<\/strong> la m\u00eame fr\u00e9quence de passage est pr\u00e9vue au d\u00e9part du Parc,<strong> \u00e0 partir de 00h<\/strong> pour le premier d\u00e9part et <strong>jusqu\u2019\u00e0 7h30<\/strong> pour le dernier retour. \u00c0 noter\u2009: \u00e0 partir de 1h, les navettes desserviront, en plus de l\u2019arr\u00eat Saint-Jacques-Gait\u00e9,<strong> les arr\u00eats Mermoz, Jacques Cartier, Charles de Gaulle <\/strong>et <strong>R\u00e9publique.<\/strong><\/p>\n<p class=\" wall-content\">Un<strong> point de vente<\/strong> de titres de transport sera disponible au Parc Expo, <strong>de 1h30 \u00e0 6h30<\/strong>.<\/p>\n<p>Casiers disponibles<\/p>\n<p class=\" wall-content\">Pour \u00eatre tranquille durant les deux nuits du festival, des casiers afin d\u2019y stocker ses affaires sont disponibles. Vous pouvez <a href=\"https:\/\/madameloyal.app.mobilelocker.eu\/?fbclid=PAZXh0bgNhZW0CMTEAc3J0YwZhcHBfaWQMMjU2MjgxMDQwNTU4AAGnjBpMxpqS3QF3Fdz3RNs7UnIpXrMjmnDZxrTo_xNs6D1OuMYSxQRK1Cyk-z4_aem_u-G0162-07IzfWKHxbM2oQ\" target=\"_blank\" rel=\"noopener\">les r\u00e9server en ligne<\/a>.<\/p>\n<p class=\" wall-content\">Personnalisez votre actualit\u00e9 en ajoutant vos villes et m\u00e9dias en favori avec <a href=\"https:\/\/moncompte.actu.fr\" title=\"D\u00e9couvez Mon Actu\" rel=\"nofollow noopener\" data-trk=\"{&quot;cta&quot;:{&quot;action&quot;:&quot;https:\\\/\\\/moncompte.actu.fr&quot;,&quot;category&quot;:&quot;mon compte&quot;,&quot;from&quot;:&quot;article footer&quot;,&quot;name&quot;:&quot;Mon actu&quot;,&quot;type&quot;:&quot;cta&quot;}}\" target=\"_blank\">Mon Actu<\/a>.<\/p>\n<p>                    <script async src=\"\/\/www.instagram.com\/embed.js\"><\/script><\/p>\n","protected":false},"excerpt":{"rendered":"Par Brian Le Goff Publi\u00e9 le 6 nov. 2025 \u00e0 11h30 Soyez pr\u00eats \u00e0 bouger votre corps dans&hellip;\n","protected":false},"author":2,"featured_media":515713,"comment_status":"","ping_status":"","sticky":false,"template":"","format":"standard","meta":{"footnotes":""},"categories":[2821],"tags":[1111,11,829,1697,1777,674,849,1011,27,1652,873,12,584,25,5001],"class_list":{"0":"post-515712","1":"post","2":"type-post","3":"status-publish","4":"format-standard","5":"has-post-thumbnail","7":"category-rennes","8":"tag-actu","9":"tag-actualites","10":"tag-bretagne","11":"tag-concert","12":"tag-eu","13":"tag-europe","14":"tag-festival","15":"tag-fr","16":"tag-france","17":"tag-loisirs-culture","18":"tag-musique","19":"tag-news","20":"tag-rennes","21":"tag-republique-francaise","22":"tag-reseau-star"},"share_on_mastodon":{"url":"https:\/\/pubeurope.com\/@fr\/115502383453478274","error":""},"_links":{"self":[{"href":"https:\/\/www.europesays.com\/fr\/wp-json\/wp\/v2\/posts\/515712","targetHints":{"allow":["GET"]}}],"collection":[{"href":"https:\/\/www.europesays.com\/fr\/wp-json\/wp\/v2\/posts"}],"about":[{"href":"https:\/\/www.europesays.com\/fr\/wp-json\/wp\/v2\/types\/post"}],"author":[{"embeddable":true,"href":"https:\/\/www.europesays.com\/fr\/wp-json\/wp\/v2\/users\/2"}],"replies":[{"embeddable":true,"href":"https:\/\/www.europesays.com\/fr\/wp-json\/wp\/v2\/comments?post=515712"}],"version-history":[{"count":0,"href":"https:\/\/www.europesays.com\/fr\/wp-json\/wp\/v2\/posts\/515712\/revisions"}],"wp:featuredmedia":[{"embeddable":true,"href":"https:\/\/www.europesays.com\/fr\/wp-json\/wp\/v2\/media\/515713"}],"wp:attachment":[{"href":"https:\/\/www.europesays.com\/fr\/wp-json\/wp\/v2\/media?parent=515712"}],"wp:term":[{"taxonomy":"category","embeddable":true,"href":"https:\/\/www.europesays.com\/fr\/wp-json\/wp\/v2\/categories?post=515712"},{"taxonomy":"post_tag","embeddable":true,"href":"https:\/\/www.europesays.com\/fr\/wp-json\/wp\/v2\/tags?post=515712"}],"curies":[{"name":"wp","href":"https:\/\/api.w.org\/{rel}","templated":true}]}}