{"id":515714,"date":"2025-11-06T10:54:10","date_gmt":"2025-11-06T10:54:10","guid":{"rendered":"https:\/\/www.europesays.com\/fr\/515714\/"},"modified":"2025-11-06T10:54:10","modified_gmt":"2025-11-06T10:54:10","slug":"les-commerces-autorises-a-ouvrir-plusieurs-dimanches-avant-noel-voici-le-detail","status":"publish","type":"post","link":"https:\/\/www.europesays.com\/fr\/515714\/","title":{"rendered":"les commerces autoris\u00e9s \u00e0 ouvrir plusieurs dimanches avant No\u00ebl, voici le d\u00e9tail"},"content":{"rendered":"<p>            Par<br \/>\n        <strong><br \/>\n            <a href=\"https:\/\/actu.fr\/auteur\/ivan-capecchi\" title=\"Consulter tous les articles de Ivan CAPECCHI\" target=\"_blank\" rel=\"noopener\">Ivan CAPECCHI<\/a><br \/>\n        <\/strong><\/p>\n<p>        Publi\u00e9 le<\/p>\n<p>            6 nov. 2025 \u00e0 10h53<br \/>\n        ; mis \u00e0 jour le 6 nov. 2025 \u00e0 11h29    <\/p>\n<p>Comme lors <a href=\"https:\/\/actu.fr\/grand-est\/strasbourg_67482\/strasbourg-les-commerces-autorises-a-ouvrir-plus-de-dimanches-avant-noel-cette-annee_60245508.html\" target=\"_blank\" rel=\"noopener\">des \u00e9ditions pr\u00e9c\u00e9dentes<\/a>, les <a href=\"https:\/\/actu.fr\/tag\/commerce\" target=\"_blank\" rel=\"noopener\">commerces<\/a> \u00e0 <strong>Strasbourg<\/strong> seront autoris\u00e9s \u00e0 ouvrir plusieurs dimanches avant <a href=\"https:\/\/actu.fr\/tag\/noel\" target=\"_blank\" rel=\"noopener\">No\u00ebl<\/a>. Voici le d\u00e9tail.<\/p>\n<p>No\u00ebl \u00e0 Strasbourg : les commerces autoris\u00e9s \u00e0 ouvrir ces dimanches<\/p>\n<p class=\" wall-content\">Les commerces de d\u00e9tail strasbourgeois seront autoris\u00e9s \u00e0 ouvrir leurs portes les <strong>dimanches 30 novembre, 7, 14 et 21 d\u00e9cembre 2025<\/strong>, selon un <a href=\"https:\/\/www.bas-rhin.gouv.fr\/Actions-de-l-Etat\/Entreprises-economie-et-finances-publiques\/Ouverture-des-commerces-les-dimanches-de-l-Avent\" target=\"_blank\" rel=\"noopener\">arr\u00eat\u00e9 publi\u00e9 par la pr\u00e9fecture du Bas-Rhin<\/a>.<\/p>\n<p class=\" wall-content\">Les ouvertures seront possibles <strong>de 11h30 \u00e0 19h les 30 novembre et 7 d\u00e9cembre<\/strong>, puis <strong>de 10h \u00e0 19h les 14 et 21 d\u00e9cembre<\/strong>.\u00a0<\/p>\n<p>Majoration de salaire de 100 % pour les salari\u00e9s<\/p>\n<p class=\" wall-content\">Les salari\u00e9s travaillant ces dimanches b\u00e9n\u00e9ficieront d\u2019une <strong>majoration de salaire de 100 %<\/strong> et d\u2019un repos compensateur \u00e9quivalent, conform\u00e9ment \u00e0 l\u2019accord territorial en vigueur. Les frais de <strong>d\u00e9placement<\/strong> ou de <strong>stationnement<\/strong> engag\u00e9s seront \u00e9galement <strong>pris en charge par les employeurs<\/strong>.<\/p>\n<p class=\" wall-content\">Cette d\u00e9rogation vise \u00e0 <strong>accompagner l\u2019afflux de visiteurs<\/strong> attendu durant la p\u00e9riode de l\u2019Avent.<\/p>\n<p class=\" wall-content\">Personnalisez votre actualit\u00e9 en ajoutant vos villes et m\u00e9dias en favori avec <a href=\"https:\/\/moncompte.actu.fr\" title=\"D\u00e9couvez Mon Actu\" rel=\"nofollow noopener\" data-trk=\"{&quot;cta&quot;:{&quot;action&quot;:&quot;https:\\\/\\\/moncompte.actu.fr&quot;,&quot;category&quot;:&quot;mon compte&quot;,&quot;from&quot;:&quot;article footer&quot;,&quot;name&quot;:&quot;Mon actu&quot;,&quot;type&quot;:&quot;cta&quot;}}\" target=\"_blank\">Mon Actu<\/a>.<\/p>\n","protected":false},"excerpt":{"rendered":"Par Ivan CAPECCHI Publi\u00e9 le 6 nov. 2025 \u00e0 10h53 ; mis \u00e0 jour le 6 nov. 2025&hellip;\n","protected":false},"author":2,"featured_media":515715,"comment_status":"","ping_status":"","sticky":false,"template":"","format":"standard","meta":{"footnotes":""},"categories":[2820],"tags":[1111,11,215,1777,674,1011,27,775,12,15830,25,104,640],"class_list":{"0":"post-515714","1":"post","2":"type-post","3":"status-publish","4":"format-standard","5":"has-post-thumbnail","7":"category-strasbourg","8":"tag-actu","9":"tag-actualites","10":"tag-commerce","11":"tag-eu","12":"tag-europe","13":"tag-fr","14":"tag-france","15":"tag-grand-est","16":"tag-news","17":"tag-noel","18":"tag-republique-francaise","19":"tag-societe","20":"tag-strasbourg"},"share_on_mastodon":{"url":"https:\/\/pubeurope.com\/@fr\/115502387424543291","error":""},"_links":{"self":[{"href":"https:\/\/www.europesays.com\/fr\/wp-json\/wp\/v2\/posts\/515714","targetHints":{"allow":["GET"]}}],"collection":[{"href":"https:\/\/www.europesays.com\/fr\/wp-json\/wp\/v2\/posts"}],"about":[{"href":"https:\/\/www.europesays.com\/fr\/wp-json\/wp\/v2\/types\/post"}],"author":[{"embeddable":true,"href":"https:\/\/www.europesays.com\/fr\/wp-json\/wp\/v2\/users\/2"}],"replies":[{"embeddable":true,"href":"https:\/\/www.europesays.com\/fr\/wp-json\/wp\/v2\/comments?post=515714"}],"version-history":[{"count":0,"href":"https:\/\/www.europesays.com\/fr\/wp-json\/wp\/v2\/posts\/515714\/revisions"}],"wp:featuredmedia":[{"embeddable":true,"href":"https:\/\/www.europesays.com\/fr\/wp-json\/wp\/v2\/media\/515715"}],"wp:attachment":[{"href":"https:\/\/www.europesays.com\/fr\/wp-json\/wp\/v2\/media?parent=515714"}],"wp:term":[{"taxonomy":"category","embeddable":true,"href":"https:\/\/www.europesays.com\/fr\/wp-json\/wp\/v2\/categories?post=515714"},{"taxonomy":"post_tag","embeddable":true,"href":"https:\/\/www.europesays.com\/fr\/wp-json\/wp\/v2\/tags?post=515714"}],"curies":[{"name":"wp","href":"https:\/\/api.w.org\/{rel}","templated":true}]}}