{"id":515724,"date":"2025-11-06T10:59:22","date_gmt":"2025-11-06T10:59:22","guid":{"rendered":"https:\/\/www.europesays.com\/fr\/515724\/"},"modified":"2025-11-06T10:59:22","modified_gmt":"2025-11-06T10:59:22","slug":"le-plus-grand-marche-de-noel-de-louest-sinstalle-a-nantes","status":"publish","type":"post","link":"https:\/\/www.europesays.com\/fr\/515724\/","title":{"rendered":"Le plus grand march\u00e9 de No\u00ebl de l&rsquo;Ouest s&rsquo;installe \u00e0 Nantes"},"content":{"rendered":"<p><img decoding=\"async\" class=\"\" style=\"width:100%;max-width:100%\" src=\"https:\/\/www.europesays.com\/fr\/wp-content\/uploads\/2025\/11\/marche_noel_11762421479474-format16by9.jpg\" alt=\"Le march\u00e9 de No\u00ebl de Nantes est install\u00e9 place du Commerce et place Royale\"\/><\/p>\n<p>Le march\u00e9 de No\u00ebl de Nantes est install\u00e9 place du Commerce et place Royale<\/p>\n<p>Cr\u00e9dit : Alouette DR<\/p>\n<p style=\"text-align: justify;\">C&rsquo;est une sacr\u00e9e fiert\u00e9 de le rappeler : <strong>le march\u00e9 de No\u00ebl de Nantes est le plus grand de l&rsquo;Ouest<\/strong> ! <strong>140 exposants<\/strong> dont 60% de locaux se r\u00e9uniront du <strong>20 novembre au 28 d\u00e9cembre<\/strong> place du commerce et place royale \u00e0 l&rsquo;occasion des f\u00eates de fin d&rsquo;ann\u00e9e.<\/p>\n<p style=\"text-align: center;\"><img loading=\"lazy\" decoding=\"async\" src=\"https:\/\/www.europesays.com\/fr\/wp-content\/uploads\/2025\/11\/IKCkBXvyiJ.jpeg\" alt=\"\" width=\"500\" height=\"281\"\/><br \/>Installation du march\u00e9 de No\u00ebl place du Commerce- Alouette DR<\/p>\n<p style=\"text-align: center;\">\u00a0<\/p>\n<p style=\"text-align: justify;\">Artisanat, gastronomie, cr\u00e9ations locales&#8230; ce sont surtout <strong>des id\u00e9es de cadeaux <\/strong>pour ses proches qui sont \u00e0 d\u00e9couvrir sur place.\u00a0<\/p>\n<p style=\"text-align: justify;\">\u00a0<\/p>\n<p>Le plein d&rsquo;animations pour No\u00ebl<\/p>\n<p style=\"text-align: justify;\">Tout au long des mois de novembre et d\u00e9cembre, le march\u00e9 de No\u00ebl offre de nombreuses animations. \u00c0 commencer par <strong>le spectacle d&rsquo;inauguration<\/strong> avec des d\u00e9ambulations<strong> le vendredi 21 novembre \u00e0 partir de 17h30<\/strong>. De son c\u00f4t\u00e9, <strong>le P\u00e8re No\u00ebl sera pr\u00e9sent dans sa maison illumin\u00e9e<\/strong> place Royale <strong>tous les mercredis et les week-ends<\/strong> du 21 novembre au 24 d\u00e9cembre. <strong>Des ateliers maquillages et cr\u00e9atifs<\/strong> sont \u00e0 d\u00e9couvrir \u00e9galement <strong>les mercredis et samedis.<\/strong><\/p>\n<p style=\"text-align: justify;\">\u00a0<\/p>\n<p>L&rsquo;autre march\u00e9<\/p>\n<p style=\"text-align: justify;\">\u00c0 quelques centaines de m\u00e8tres du march\u00e9 de No\u00ebl, on en retrouve un autre : l&rsquo;autre March\u00e9. <strong>Un march\u00e9 engag\u00e9 et local<\/strong> au niveau de l&rsquo;\u00eele Feydeau. Sur place, vous d\u00e9couvrirez des coop\u00e9ratives et des collectifs qui <strong>d\u00e9fendent le circuit-court, l&rsquo;insertion, le z\u00e9ro d\u00e9chet et le r\u00e9emploi solidaire<\/strong>. Plus de <strong>80 exposants<\/strong> seront pr\u00e9sents du 28 novembre au 23 d\u00e9cembre.<\/p>\n<p style=\"text-align: justify;\">\u00a0<\/p>\n<p>Des illuminations dans tout Nantes<\/p>\n<p style=\"text-align: justify;\">Pour f\u00eater dignement No\u00ebl, de nombreuses guirlandes et illuminations vont venir colorer les rues nantaises. Au total, <strong>42km de guirlandes seront d\u00e9ploy\u00e9es, 14 places et 66 rues seront d\u00e9cor\u00e9es<\/strong>.\u00a0<\/p>\n<p style=\"text-align: center;\"><img loading=\"lazy\" decoding=\"async\" src=\"https:\/\/www.europesays.com\/fr\/wp-content\/uploads\/2025\/11\/xOV6bsVtRE.jpeg\" alt=\"\" width=\"500\" height=\"280\"\/><br \/>Illustration march\u00e9 de No\u00ebl place Royale &#8211; Wikimedia<\/p>\n<p style=\"text-align: center;\">\u00a0<\/p>\n<p>Le montage a commenc\u00e9 lundi 20 octobre pour que tout soit pr\u00eat le jour de l&rsquo;<strong>inauguration le samedi 22 novembre<\/strong>.<\/p>\n","protected":false},"excerpt":{"rendered":"Le march\u00e9 de No\u00ebl de Nantes est install\u00e9 place du Commerce et place Royale Cr\u00e9dit : Alouette DR&hellip;\n","protected":false},"author":2,"featured_media":515725,"comment_status":"","ping_status":"","sticky":false,"template":"","format":"standard","meta":{"footnotes":""},"categories":[2818],"tags":[1111,11,18807,49832,1777,674,1011,27,55985,63635,3047,2089,36053,766,12,15830,24649,9144,2636,63636,63633,63634,63632,25],"class_list":{"0":"post-515724","1":"post","2":"type-post","3":"status-publish","4":"format-standard","5":"has-post-thumbnail","7":"category-nantes","8":"tag-actu","9":"tag-actualites","10":"tag-cadeaux","11":"tag-decembre","12":"tag-eu","13":"tag-europe","14":"tag-fr","15":"tag-france","16":"tag-illuminations","17":"tag-lautre-marche","18":"tag-loire-atlantique","19":"tag-marche","20":"tag-marche-de-noel","21":"tag-nantes","22":"tag-news","23":"tag-noel","24":"tag-novembre","25":"tag-ouest","26":"tag-pays-de-la-loire","27":"tag-pere-noel","28":"tag-place-du-commerce","29":"tag-place-royale","30":"tag-plus-grand","31":"tag-republique-francaise"},"share_on_mastodon":{"url":"https:\/\/pubeurope.com\/@fr\/115502407793334036","error":""},"_links":{"self":[{"href":"https:\/\/www.europesays.com\/fr\/wp-json\/wp\/v2\/posts\/515724","targetHints":{"allow":["GET"]}}],"collection":[{"href":"https:\/\/www.europesays.com\/fr\/wp-json\/wp\/v2\/posts"}],"about":[{"href":"https:\/\/www.europesays.com\/fr\/wp-json\/wp\/v2\/types\/post"}],"author":[{"embeddable":true,"href":"https:\/\/www.europesays.com\/fr\/wp-json\/wp\/v2\/users\/2"}],"replies":[{"embeddable":true,"href":"https:\/\/www.europesays.com\/fr\/wp-json\/wp\/v2\/comments?post=515724"}],"version-history":[{"count":0,"href":"https:\/\/www.europesays.com\/fr\/wp-json\/wp\/v2\/posts\/515724\/revisions"}],"wp:featuredmedia":[{"embeddable":true,"href":"https:\/\/www.europesays.com\/fr\/wp-json\/wp\/v2\/media\/515725"}],"wp:attachment":[{"href":"https:\/\/www.europesays.com\/fr\/wp-json\/wp\/v2\/media?parent=515724"}],"wp:term":[{"taxonomy":"category","embeddable":true,"href":"https:\/\/www.europesays.com\/fr\/wp-json\/wp\/v2\/categories?post=515724"},{"taxonomy":"post_tag","embeddable":true,"href":"https:\/\/www.europesays.com\/fr\/wp-json\/wp\/v2\/tags?post=515724"}],"curies":[{"name":"wp","href":"https:\/\/api.w.org\/{rel}","templated":true}]}}